{"id":108,"date":"2015-06-18T08:26:41","date_gmt":"2015-06-18T08:26:41","guid":{"rendered":"http:\/\/blogs.abo.fi\/benjaminalm\/?p=108"},"modified":"2015-06-18T08:26:41","modified_gmt":"2015-06-18T08:26:41","slug":"nystart","status":"publish","type":"post","link":"https:\/\/blogs.abo.fi\/benjaminalm\/2015\/06\/18\/nystart\/","title":{"rendered":"Nystart"},"content":{"rendered":"<p>Jag l\u00e4ser s\u00e4llan bloggar, och de flesta bloggar jag hittar fram till \u00e4r inte aktiva. Ofta \u00e4r d\u00e5 det n\u00e4st senaste inl\u00e4gget ett par \u00e5r gammalt, d\u00e4refter kommer lite nyare inl\u00e4gg som handlar om att bloggaren ska ta tag i bloggen och skriva mer regelbundet. Sedan ingenting. Hur kan de undg\u00e5 att se vad som kommer att h\u00e4nda, om jag som ovan bloggl\u00e4sare kan se det? Jag gissar att bloggare l\u00e4ser bloggar, och att de reflekterar \u00f6ver vad som st\u00e5r d\u00e4r. Men kanske man ska l\u00e4sa det som en f\u00f6rhoppning, att de tycker att det \u00e4r n\u00e5got viktigt med bloggandet och att de g\u00e4rna vill vara\/bli personer som l\u00e4gger ner tid p\u00e5 att skriva tankv\u00e4rda och uppskattade blogginl\u00e4gg?<\/p>\n<p>Att st\u00e4ndigt b\u00f6rja p\u00e5 nytt kan visa p\u00e5 att det finns n\u00e5got i mitt liv jag \u00e4r otillfredsst\u00e4lld med. Att jag m\u00e5ste vara, eller bli, en viss personlighet f\u00f6r att duga. Detta kan vara f\u00f6rknippat med en f\u00f6rd\u00f6mande attityd, men det finns ocks\u00e5 ett annat s\u00e4tt att ta det p\u00e5. I Zen talar man om att beh\u00e5lla &#8221;nyb\u00f6rjarens sinne&#8221;, att g\u00f6ra det man g\u00f6r som om det \u00e4r f\u00f6rsta g\u00e5ngen. Att st\u00e4ndigt b\u00f6rja om, fri. Detta inneb\u00e4r bland annat att inte fastna i f\u00f6rutfattade meningar om det r\u00e4tta s\u00e4ttet att g\u00f6ra n\u00e5got p\u00e5, eller att f\u00f6ruts\u00e4ga vad som kommer att h\u00e4nda. Att vara i det h\u00e4r andra, ist\u00e4llet<\/p>\n<p>Ursprunget till det h\u00e4r inl\u00e4gget \u00e4r att jag vill skriva, och att blogga kan vara ett livsn\u00e4ra s\u00e4tt att skriva och f\u00e5 kommentarer. Jag har allts\u00e5 en anledning att skriva mer, speciellt eftersom mitt dagboksskrivande sedan ett par m\u00e5nader har legat nere. Det \u00e4r d\u00e4rf\u00f6r inte om\u00f6jligt att det n\u00e5gon g\u00e5ng i framtiden kommer n\u00e5got sporadiskt blogginl\u00e4gg, om det faller sig naturligt.<\/p>\n","protected":false},"excerpt":{"rendered":"<p>Jag l\u00e4ser s\u00e4llan bloggar, och de flesta bloggar jag hittar fram till \u00e4r inte aktiva. Ofta \u00e4r d\u00e5 det n\u00e4st senaste inl\u00e4gget ett par \u00e5r gammalt, d\u00e4refter kommer lite nyare inl\u00e4gg som handlar om att bloggaren ska ta tag i &hellip; <a href=\"https:\/\/blogs.abo.fi\/benjaminalm\/2015\/06\/18\/nystart\/\">Forts\u00e4tt l\u00e4sa <span class=\"meta-nav\">&rarr;<\/span><\/a><\/p>\n","protected":false},"author":63,"featured_media":0,"comment_status":"open","ping_status":"open","sticky":false,"template":"","format":"standard","meta":{"footnotes":""},"categories":[8],"tags":[],"class_list":["post-108","post","type-post","status-publish","format-standard","hentry","category-livet"],"_links":{"self":[{"href":"https:\/\/blogs.abo.fi\/benjaminalm\/wp-json\/wp\/v2\/posts\/108","targetHints":{"allow":["GET"]}}],"collection":[{"href":"https:\/\/blogs.abo.fi\/benjaminalm\/wp-json\/wp\/v2\/posts"}],"about":[{"href":"https:\/\/blogs.abo.fi\/benjaminalm\/wp-json\/wp\/v2\/types\/post"}],"author":[{"embeddable":true,"href":"https:\/\/blogs.abo.fi\/benjaminalm\/wp-json\/wp\/v2\/users\/63"}],"replies":[{"embeddable":true,"href":"https:\/\/blogs.abo.fi\/benjaminalm\/wp-json\/wp\/v2\/comments?post=108"}],"version-history":[{"count":2,"href":"https:\/\/blogs.abo.fi\/benjaminalm\/wp-json\/wp\/v2\/posts\/108\/revisions"}],"predecessor-version":[{"id":110,"href":"https:\/\/blogs.abo.fi\/benjaminalm\/wp-json\/wp\/v2\/posts\/108\/revisions\/110"}],"wp:attachment":[{"href":"https:\/\/blogs.abo.fi\/benjaminalm\/wp-json\/wp\/v2\/media?parent=108"}],"wp:term":[{"taxonomy":"category","embeddable":true,"href":"https:\/\/blogs.abo.fi\/benjaminalm\/wp-json\/wp\/v2\/categories?post=108"},{"taxonomy":"post_tag","embeddable":true,"href":"https:\/\/blogs.abo.fi\/benjaminalm\/wp-json\/wp\/v2\/tags?post=108"}],"curies":[{"name":"wp","href":"https:\/\/api.w.org\/{rel}","templated":true}]}}