{"id":140,"date":"2016-05-27T07:38:12","date_gmt":"2016-05-27T07:38:12","guid":{"rendered":"http:\/\/blogs.abo.fi\/benjaminalm\/?p=140"},"modified":"2016-05-27T07:39:09","modified_gmt":"2016-05-27T07:39:09","slug":"vid-avgrunden","status":"publish","type":"post","link":"https:\/\/blogs.abo.fi\/benjaminalm\/2016\/05\/27\/vid-avgrunden\/","title":{"rendered":"Vid avgrunden"},"content":{"rendered":"<p>Jag har l\u00e4st <strong>Gitta Serenys<\/strong> <em>Vid avgrunden \u2013 fr\u00e5n barmh\u00e4rtighetsmord till folkf\u00f6rintelse<\/em>. Det \u00e4r en biografi \u00f6ver <strong>Franz Stangl<\/strong> baserad p\u00e5 flera intervjuer i b\u00f6rjan av sjuttiotalet n\u00e4r Stangl blivit inf\u00e5ngad i Brasilien och v\u00e4ntade p\u00e5 r\u00e4tteg\u00e5ng i Tyskland. Stangl var kommendant f\u00f6r d\u00f6dsl\u00e4gren Sobibor och Treblinka, och d\u00f6mdes f\u00f6r medhj\u00e4lp till mord p\u00e5 n\u00e5gra hundratusen judar. Att l\u00e4sa om nazister v\u00e4cker orov\u00e4ckande fr\u00e5gor hos mig, speciellt den h\u00e4r (och Serenys mer k\u00e4nda bok om Albert Speer), d\u00e4r jag delvis kan leva med i hur huvudpersonerna handlade och v\u00e5ndades. Hon f\u00f6r kortfattat en intressant moralfilosofisk tankeg\u00e5ng i boken (som jag l\u00e4ste ganska snabbt):<\/p>\n<blockquote><p>\u00a0\u201dStangl h\u00e4vade best\u00e4mt att han aldrig hade avlossat n\u00e5gra skott in i en m\u00e4nniskomassa och han tycktes bli mer indignerad \u00f6ver just denna anklagelse \u00e4n \u00f6ver n\u00e5gon annan. Han verkade inte heller f\u00e4sta n\u00e5gon vikt vid det faktum att dessa m\u00e4nniskor, vare sig han sk\u00f6t eller ej, i vilket fall som helst dog, mindre \u00e4n tv\u00e5 timmar senare, genom handlingar som ytterst stod under hans kontroll.<\/p>\n<p>Detta kan tyckas vara en marginell fr\u00e5ga, men jag menar att den har stor betydelse i s\u00e5 m\u00e5tto att den representerar en gravt malplacerad betoning som \u2013 kanske av n\u00f6dv\u00e4ndighet \u2013 har accepterats av domstolarna, allm\u00e4nheten och de m\u00e4nniskor som var involverade, och som inneb\u00e4r att ansvaret har begr\u00e4nsats till momentana och ofta isolerade handlingar och till n\u00e5gra f\u00e5 individer. Detta allm\u00e4nna accepterande av en malplacerad ansvarsf\u00f6rdelning f\u00f6rklarar varf\u00f6r Stangl sj\u00e4lv [\u2026] och or\u00e4kneliga andra m\u00e4nniskor [&#8230;] i m\u00e5nga \u00e5r har ansett att det som \u00e4r avg\u00f6rande i lagens \u00f6gon, och d\u00e4rmed i alla m\u00e4nskliga mellanhavanden, \u00e4r vad en m\u00e4nniska <em>g\u00f6r<\/em> snarare \u00e4n vad hon <em>\u00e4r<\/em>.\u201d (134-5)<\/p><\/blockquote>\n<p>Bara tanken p\u00e5 att d\u00f6ma n\u00e5gon f\u00f6r vad denne \u00e4r, och inte f\u00f6r vad denne g\u00f6r, \u00e4r chockartad f\u00f6r mig och ger tv\u00e5 reaktioner. En reaktion \u00e4r att insistera p\u00e5 att Stangl genom att vara kommendant verkligen var delaktig i morden, han gjorde verkligen det hemska men han var v\u00e4ldigt beroende av hantlangare. En annan reaktion \u00e4r att den han <em>\u00e4r<\/em> i den betydelsen som Sereny lyfter fram i citatet, inte kan specificeras utan att ta h\u00e4nsyn till vad han har gjort. De b\u00e5da fr\u00e5gorna h\u00e4nger ihop. (Men oj, vad komplicerat det blir. Jag k\u00e4nner att jag borde l\u00e4sa <strong>Anscombe<\/strong>s <em>Intention<\/em> f\u00f6r att bena ut allt som h\u00e4nder h\u00e4r &#8211; och underligt att mina tankar leder till just den boken.)<\/p>\n","protected":false},"excerpt":{"rendered":"<p>Jag har l\u00e4st Gitta Serenys Vid avgrunden \u2013 fr\u00e5n barmh\u00e4rtighetsmord till folkf\u00f6rintelse. Det \u00e4r en biografi \u00f6ver Franz Stangl baserad p\u00e5 flera intervjuer i b\u00f6rjan av sjuttiotalet n\u00e4r Stangl blivit inf\u00e5ngad i Brasilien och v\u00e4ntade p\u00e5 r\u00e4tteg\u00e5ng i Tyskland. Stangl &hellip; <a href=\"https:\/\/blogs.abo.fi\/benjaminalm\/2016\/05\/27\/vid-avgrunden\/\">Forts\u00e4tt l\u00e4sa <span class=\"meta-nav\">&rarr;<\/span><\/a><\/p>\n","protected":false},"author":63,"featured_media":0,"comment_status":"open","ping_status":"open","sticky":false,"template":"","format":"standard","meta":{"footnotes":""},"categories":[6,7],"tags":[],"class_list":["post-140","post","type-post","status-publish","format-standard","hentry","category-bocker","category-philosophy"],"_links":{"self":[{"href":"https:\/\/blogs.abo.fi\/benjaminalm\/wp-json\/wp\/v2\/posts\/140","targetHints":{"allow":["GET"]}}],"collection":[{"href":"https:\/\/blogs.abo.fi\/benjaminalm\/wp-json\/wp\/v2\/posts"}],"about":[{"href":"https:\/\/blogs.abo.fi\/benjaminalm\/wp-json\/wp\/v2\/types\/post"}],"author":[{"embeddable":true,"href":"https:\/\/blogs.abo.fi\/benjaminalm\/wp-json\/wp\/v2\/users\/63"}],"replies":[{"embeddable":true,"href":"https:\/\/blogs.abo.fi\/benjaminalm\/wp-json\/wp\/v2\/comments?post=140"}],"version-history":[{"count":2,"href":"https:\/\/blogs.abo.fi\/benjaminalm\/wp-json\/wp\/v2\/posts\/140\/revisions"}],"predecessor-version":[{"id":142,"href":"https:\/\/blogs.abo.fi\/benjaminalm\/wp-json\/wp\/v2\/posts\/140\/revisions\/142"}],"wp:attachment":[{"href":"https:\/\/blogs.abo.fi\/benjaminalm\/wp-json\/wp\/v2\/media?parent=140"}],"wp:term":[{"taxonomy":"category","embeddable":true,"href":"https:\/\/blogs.abo.fi\/benjaminalm\/wp-json\/wp\/v2\/categories?post=140"},{"taxonomy":"post_tag","embeddable":true,"href":"https:\/\/blogs.abo.fi\/benjaminalm\/wp-json\/wp\/v2\/tags?post=140"}],"curies":[{"name":"wp","href":"https:\/\/api.w.org\/{rel}","templated":true}]}}