{"id":144,"date":"2016-08-18T11:27:18","date_gmt":"2016-08-18T11:27:18","guid":{"rendered":"http:\/\/blogs.abo.fi\/benjaminalm\/?p=144"},"modified":"2016-08-18T11:27:43","modified_gmt":"2016-08-18T11:27:43","slug":"ett-absolut-andetag","status":"publish","type":"post","link":"https:\/\/blogs.abo.fi\/benjaminalm\/2016\/08\/18\/ett-absolut-andetag\/","title":{"rendered":"Ett absolut andetag?"},"content":{"rendered":"<p>Meditation \u00e4r viktigt i mitt liv, jag t\u00e4nkte p\u00e5 f\u00f6rs\u00f6k skissera en aspekt av varf\u00f6r det \u00e4r viktigt f\u00f6r mig.<\/p>\n<p>Det saknas en del i mitt liv. Ett jobb och en karri\u00e4r, ett hem och en familj, bil, smartphone, skor (sommarsandalerna \u00e4r ol\u00e4mpliga i det begynnande h\u00f6stregnet), glas\u00f6gon (s\u00e5 jag kan l\u00e4sa gatuadresser), kontaktlinser (s\u00e5 jag kan se vart jag \u00e4r p\u00e5 v\u00e4g under orientering) \u2013 detta \u00e4r saker jag saknat under den h\u00e4r veckan. Ifall jag fick n\u00e5got av dessa skulle mitt liv bli b\u00e4ttre och jag skulle bli lyckligare.<\/p>\n<p>Mitt liv \u00e4r l\u00e5ngt ifr\u00e5n tomt trots att jag saknar s\u00e5 mycket; jag har flera v\u00e4nner, en familj, arbetsl\u00f6shetsunderst\u00f6d som inte tynger ner pl\u00e5nboken, mat f\u00f6r dagen och husrum \u00e5tminstone tills i maj. Jag \u00e4r glad \u00f6ver allt detta, och jag \u00e4r tacksamhet f\u00f6r det \u00e4ven om jag inte k\u00e4nner tacksamheten dagligen.<\/p>\n<p>Ibland anar jag att allt jag saknar, och allt jag har, bara \u00e4r krusningar p\u00e5 ytan. Att varje andetag jag tar (eller f\u00e5r) \u00e4r full\u00e4ndat och den enda lilla bristen \u00e4r att jag inte \u00e4r \u00f6ppen f\u00f6r det. Att det finns n\u00e5got absolut, i relation till vilket allt annat visar sig vara relativt och tillf\u00e4lligt.<\/p>\n<p>Det skulle inte betyda att det jag saknar, eller det jag har, blir betydelsel\u00f6st. Ur ett s\u00e5dant perspektiv skulle jag fortfarande sakna ett arbete, och jag skulle bli glad \u00f6ver ett par skor. Problemen hugger fortfarande sm\u00e4rtsamt, men bettet \u00e4r inte giftigt. Jag kunde ha frid i sinnet oavsett om jag har arbete eller inte, och jag kan vara n\u00e4rvarande f\u00f6r andetaget samtidigt som jag l\u00f6ser mina problem.<\/p>\n","protected":false},"excerpt":{"rendered":"<p>Meditation \u00e4r viktigt i mitt liv, jag t\u00e4nkte p\u00e5 f\u00f6rs\u00f6k skissera en aspekt av varf\u00f6r det \u00e4r viktigt f\u00f6r mig. Det saknas en del i mitt liv. Ett jobb och en karri\u00e4r, ett hem och en familj, bil, smartphone, skor &hellip; <a href=\"https:\/\/blogs.abo.fi\/benjaminalm\/2016\/08\/18\/ett-absolut-andetag\/\">Forts\u00e4tt l\u00e4sa <span class=\"meta-nav\">&rarr;<\/span><\/a><\/p>\n","protected":false},"author":63,"featured_media":0,"comment_status":"open","ping_status":"open","sticky":false,"template":"","format":"standard","meta":{"footnotes":""},"categories":[8,9,7],"tags":[],"class_list":["post-144","post","type-post","status-publish","format-standard","hentry","category-livet","category-meditation","category-philosophy"],"_links":{"self":[{"href":"https:\/\/blogs.abo.fi\/benjaminalm\/wp-json\/wp\/v2\/posts\/144","targetHints":{"allow":["GET"]}}],"collection":[{"href":"https:\/\/blogs.abo.fi\/benjaminalm\/wp-json\/wp\/v2\/posts"}],"about":[{"href":"https:\/\/blogs.abo.fi\/benjaminalm\/wp-json\/wp\/v2\/types\/post"}],"author":[{"embeddable":true,"href":"https:\/\/blogs.abo.fi\/benjaminalm\/wp-json\/wp\/v2\/users\/63"}],"replies":[{"embeddable":true,"href":"https:\/\/blogs.abo.fi\/benjaminalm\/wp-json\/wp\/v2\/comments?post=144"}],"version-history":[{"count":1,"href":"https:\/\/blogs.abo.fi\/benjaminalm\/wp-json\/wp\/v2\/posts\/144\/revisions"}],"predecessor-version":[{"id":145,"href":"https:\/\/blogs.abo.fi\/benjaminalm\/wp-json\/wp\/v2\/posts\/144\/revisions\/145"}],"wp:attachment":[{"href":"https:\/\/blogs.abo.fi\/benjaminalm\/wp-json\/wp\/v2\/media?parent=144"}],"wp:term":[{"taxonomy":"category","embeddable":true,"href":"https:\/\/blogs.abo.fi\/benjaminalm\/wp-json\/wp\/v2\/categories?post=144"},{"taxonomy":"post_tag","embeddable":true,"href":"https:\/\/blogs.abo.fi\/benjaminalm\/wp-json\/wp\/v2\/tags?post=144"}],"curies":[{"name":"wp","href":"https:\/\/api.w.org\/{rel}","templated":true}]}}