{"id":39,"date":"2011-07-06T12:03:46","date_gmt":"2011-07-06T12:03:46","guid":{"rendered":"http:\/\/blogs.abo.fi\/benjaminalm\/?p=39"},"modified":"2013-10-12T07:42:45","modified_gmt":"2013-10-12T07:42:45","slug":"en-rattvis-andel-%e2%80%93-en-andra-fraga-fran-fjallvandring","status":"publish","type":"post","link":"https:\/\/blogs.abo.fi\/benjaminalm\/2011\/07\/06\/en-rattvis-andel-%e2%80%93-en-andra-fraga-fran-fjallvandring\/","title":{"rendered":"En r\u00e4ttvis andel \u2013 en andra fr\u00e5ga fr\u00e5n fj\u00e4llvandring"},"content":{"rendered":"<p>Jag v\u00e4ger ca 50% mer \u00e4n mina kamrater, \u00e4nd\u00e5 verkade de p\u00e5 n\u00e5got s\u00e4tt tycka att det l\u00e5g n\u00e5got or\u00e4ttvist i att min ryggs\u00e4ck v\u00e4gde ett par kilo mer \u00e4n deras. Sj\u00e4lv t\u00e4nker jag att det skulle vara mer r\u00e4ttvist om \u00e4ven min ryggs\u00e4ck v\u00e4gde 50 % mer, kanske skulle vi d\u00e5 bli mer j\u00e4mlikt tr\u00f6tta. N\u00e4r vi delade upp maten, s\u00e5 delade vi lika. Borde inte jag ha f\u00e5tt 50 % mer? Jag lade fram samma tanke f\u00f6r min lillasyster, jag minns att vi delade lika p\u00e5 en 33 cl l\u00e4sk n\u00e4r vi var sm\u00e5, trots att jag var tv\u00e5 \u00e5r \u00e4ldre. Visst borde jag ha en st\u00f6rre andel? (Det var l\u00e4nge sedan jag var n\u00f6jd med 16,5 cl l\u00e4sk.) P\u00e5 v\u00e5r fj\u00e4llvandring var det inget problem, jag var oftast m\u00e4tt efter middagen. N\u00e4r vi slog l\u00e4ger t\u00e4nkte jag alltf\u00f6r l\u00e4tt att \u00e4ven den tr\u00f6ttaste skulle hj\u00e4lpa till med f\u00f6rberedelserna. H\u00e4r vore det ju helt klart rimligt att en tr\u00f6tt vandrare \u00e5tminstone ska f\u00e5 n\u00e5gra minuter p\u00e5 att ta igen sig eller kanske helt slippa att hj\u00e4lpa till mer \u00e4n n\u00e5got symboliskt. Men i de fall d\u00e5 jag verkligen bar mest, eller gjorde mer en st\u00f6rre andel av mina uppgifter vid l\u00e4gerbyggandet, s\u00e5 k\u00e4nner jag en frestelse att f\u00f6rs\u00f6ka f\u00e5 de andra att se det h\u00e4r och f\u00e5 ett erk\u00e4nnande av det. Men ifall jag t.ex. \u00e4r mindre tr\u00f6tt f\u00f6r att jag b\u00e4r en packning som relativt min vikt \u00e4r l\u00e4tt, s\u00e5 \u00e4r det ju ingen bedrift att g\u00f6ra n\u00e5gra extra moment vid matlagningen och det \u00e4r n\u00e5got konstigt med att \u00f6nska sig ett erk\u00e4nnande f\u00f6r n\u00e5got som inte \u00e4r en bedrift. Var och en r\u00e4knas kanske alltf\u00f6r ofta som en och en och inte n\u00e5gon som en och en halv (n\u00e4r det g\u00e4ller packning och portionsstorlek). Kanske skulle man viktjustera maratonl\u00f6pare, s\u00e5 att alla p\u00e5 startlinjen m\u00e5ste v\u00e4ga 90 kg, med eller utan ryggs\u00e4ck? Idrotten bygger upp kroppen s\u00e5 att man orkar l\u00e4ngre, men man blir ocks\u00e5 b\u00e4ttre p\u00e5 att bita ihop. Det \u00e4r sv\u00e5rt att j\u00e4mf\u00f6ra vem som \u00e4r hungrigast och vem som beh\u00f6ver n\u00e4ringen b\u00e4st, vem som \u00e4r tr\u00f6ttast och vem som biter ihop mest. Det r\u00e4cker inte med att fr\u00e5ga, det r\u00e4cker inte med att k\u00e4nna sig sj\u00e4lv, man m\u00e5ste dessutom k\u00e4nna den andre och veta hur de reagerar, n\u00e4r och varf\u00f6r de s\u00e4ger nej (eller ja) tack till det sista potatismoset.<\/p>\n","protected":false},"excerpt":{"rendered":"<p>Jag v\u00e4ger ca 50% mer \u00e4n mina kamrater, \u00e4nd\u00e5 verkade de p\u00e5 n\u00e5got s\u00e4tt tycka att det l\u00e5g n\u00e5got or\u00e4ttvist i att min ryggs\u00e4ck v\u00e4gde ett par kilo mer \u00e4n deras. Sj\u00e4lv t\u00e4nker jag att det skulle vara mer r\u00e4ttvist &hellip; <a href=\"https:\/\/blogs.abo.fi\/benjaminalm\/2011\/07\/06\/en-rattvis-andel-%e2%80%93-en-andra-fraga-fran-fjallvandring\/\">Forts\u00e4tt l\u00e4sa <span class=\"meta-nav\">&rarr;<\/span><\/a><\/p>\n","protected":false},"author":63,"featured_media":0,"comment_status":"open","ping_status":"open","sticky":false,"template":"","format":"standard","meta":{"footnotes":""},"categories":[8,5],"tags":[],"class_list":["post-39","post","type-post","status-publish","format-standard","hentry","category-livet","category-vildmark"],"_links":{"self":[{"href":"https:\/\/blogs.abo.fi\/benjaminalm\/wp-json\/wp\/v2\/posts\/39","targetHints":{"allow":["GET"]}}],"collection":[{"href":"https:\/\/blogs.abo.fi\/benjaminalm\/wp-json\/wp\/v2\/posts"}],"about":[{"href":"https:\/\/blogs.abo.fi\/benjaminalm\/wp-json\/wp\/v2\/types\/post"}],"author":[{"embeddable":true,"href":"https:\/\/blogs.abo.fi\/benjaminalm\/wp-json\/wp\/v2\/users\/63"}],"replies":[{"embeddable":true,"href":"https:\/\/blogs.abo.fi\/benjaminalm\/wp-json\/wp\/v2\/comments?post=39"}],"version-history":[{"count":3,"href":"https:\/\/blogs.abo.fi\/benjaminalm\/wp-json\/wp\/v2\/posts\/39\/revisions"}],"predecessor-version":[{"id":103,"href":"https:\/\/blogs.abo.fi\/benjaminalm\/wp-json\/wp\/v2\/posts\/39\/revisions\/103"}],"wp:attachment":[{"href":"https:\/\/blogs.abo.fi\/benjaminalm\/wp-json\/wp\/v2\/media?parent=39"}],"wp:term":[{"taxonomy":"category","embeddable":true,"href":"https:\/\/blogs.abo.fi\/benjaminalm\/wp-json\/wp\/v2\/categories?post=39"},{"taxonomy":"post_tag","embeddable":true,"href":"https:\/\/blogs.abo.fi\/benjaminalm\/wp-json\/wp\/v2\/tags?post=39"}],"curies":[{"name":"wp","href":"https:\/\/api.w.org\/{rel}","templated":true}]}}