{"id":62,"date":"2011-11-07T06:59:48","date_gmt":"2011-11-07T06:59:48","guid":{"rendered":"http:\/\/blogs.abo.fi\/benjaminalm\/?p=62"},"modified":"2013-10-12T07:42:45","modified_gmt":"2013-10-12T07:42:45","slug":"vandringsfunderingar-2-ensamhet","status":"publish","type":"post","link":"https:\/\/blogs.abo.fi\/benjaminalm\/2011\/11\/07\/vandringsfunderingar-2-ensamhet\/","title":{"rendered":"Vandringsfunderingar 2: ensamhet"},"content":{"rendered":"<div id='gallery-1' class='gallery galleryid-62 gallery-columns-3 gallery-size-thumbnail'><dl class='gallery-item'>\n\t\t\t<dt class='gallery-icon portrait'>\n\t\t\t\t<a href='https:\/\/blogs.abo.fi\/benjaminalm\/2011\/11\/07\/vandringsfunderingar-2-ensamhet\/ensamma-jag\/'><img loading=\"lazy\" decoding=\"async\" width=\"150\" height=\"150\" src=\"https:\/\/blogs.abo.fi\/benjaminalm\/files\/ensamma-jag-150x150.jpg\" class=\"attachment-thumbnail size-thumbnail\" alt=\"\" \/><\/a>\n\t\t\t<\/dt><\/dl><dl class='gallery-item'>\n\t\t\t<dt class='gallery-icon portrait'>\n\t\t\t\t<a href='https:\/\/blogs.abo.fi\/benjaminalm\/2011\/11\/07\/vandringsfunderingar-2-ensamhet\/ensamma-jag-2\/'><img loading=\"lazy\" decoding=\"async\" width=\"150\" height=\"150\" src=\"https:\/\/blogs.abo.fi\/benjaminalm\/files\/ensamma-jag1-150x150.jpg\" class=\"attachment-thumbnail size-thumbnail\" alt=\"\" \/><\/a>\n\t\t\t<\/dt><\/dl>\n\t\t\t<br style='clear: both' \/>\n\t\t<\/div>\n\n<p lang=\"sv-FI\">Det \u00e4r m\u00e5nga (bl.a. jag) som tycker att det \u00e4r en viktigt att vandra \u00e4r n\u00e5got man g\u00f6r sj\u00e4lv, att man \u00e4r sj\u00e4lvst\u00e4ndig. H\u00e4r t\u00e4nkte jag nyansera den tankeg\u00e5ngen lite. Vi  vandrar aldrig ensam, p\u00e5 n\u00e5got s\u00e4tt \u00e4r alltid n\u00e5gon annan med p\u00e5 v\u00e4gen. Om det inte r\u00f6r sig om vandringskamrater s\u00e5 r\u00f6r det sig i alla fall om andra vandrare som ocks\u00e5 ska bestiga Kebnekaise. P\u00e5 den stigen \u00e4r man aldrig ensam. En stig \u00e4r i sig n\u00e5got som \u00e4r gjort av andra m\u00e4nniskor, s\u00e5 man g\u00e5r ju n\u00e4stan bokstavligen i andras fotsp\u00e5r. Men en stor del av tjusningen med vandring \u00e4r att vara ensam, eller komma undan m\u00e4nniskomassorna, ifall man har det m\u00e5let s\u00e5 b\u00f6r man itne v\u00e4lja att  \u00f6vernatta vid Kebnekaise fj\u00e4llstation. Det kan ocks\u00e5 vara s\u00e5 att man faktiskt \u00e4r fysiskt ensam, att det inte finns en enda m\u00e4nniska p\u00e5 tio mil och kanske \u00e4r naturen helt obefl\u00e4ckad av m\u00e4nniskors p\u00e5verkan. \u00c4ven i s\u00e5dana fall kan man s\u00e4ga att man inte g\u00f6r det ensamt, man kanske st\u00e4ndigt g\u00e5r och t\u00e4nker p\u00e5 sin familj eller sina v\u00e4nner. De mest uppenbara fallen av \u201densamhet som inte \u00e4r\u201d har st\u00e4ndig kontakt med familj eller v\u00e4nner genom telefon eller sms. M\u00e5nga av de stora \u00e4ventyrarna var f\u00f6rst\u00e5s inte ensamvargar i den h\u00e4r bem\u00e4rkelsen, det kan vara s\u00e5 att sj\u00e4lva publiciteten n\u00e4r man kommer hem \u00e4r v\u00e4ldigt viktigt. Idag skulle v\u00e4l dessutom ytterst f\u00e5 \u00e4ventyrare klara av sina projekt rent ekonomiskt om de inte hade stora sponsorer och d\u00e4r uppm\u00e4rksamhet \u00e4r en v\u00e4sentlig del av projektet. (D\u00e5 de \u00e4r sponsrade s\u00e5 betalas de ju f\u00f6r just den uppm\u00e4rksamhet de v\u00e4cker, vilket speglar av sig p\u00e5 produkten.)<\/p>\n<p lang=\"sv-FI\">P\u00e5 ett annat s\u00e4tt \u00e4r man inte heller ensam\u2013 man b\u00e4r med sig utrustning som andra har tillverkat. V\u00e4rst \u00e4r det kanske att vi \u00e4r beroende av de skuldslavar som tillverkat materialet till sitt t\u00e4lt och av de barnarbetare som har satt ihop v\u00e5ra skor. Detta m\u00e5ste vi b\u00e4ra med oss, \u00e4ven om vi i de flesta fallen blundar intensivt f\u00f6r det. (Ifall det hade funnits en r\u00f6relse f\u00f6r att \u201dvandra fj\u00e4derl\u00e4tt\u201d i den h\u00e4r bem\u00e4rkelsen hade jag blivit glad.) F\u00f6rst\u00e5s beh\u00f6ver det inte r\u00f6ra sig om s\u00e5 h\u00e4r flagranta fall av kapitalistisk or\u00e4ttvisa, det kan ocks\u00e5 vara n\u00e5got s\u00e5 \u201doskyldigt\u201d som att ens mamma har gjort en mats\u00e4ck man har med sig, s\u00e5 b\u00e4r man p\u00e5 ett viktigt s\u00e4tt sin mamma med sig.<\/p>\n<p lang=\"sv-FI\">Sj\u00e4lv \u00e4ger jag ingen kamera, men att anv\u00e4nda en kamera \u00e4r ett s\u00e4tt att inte vara ensam. Att ta en bild inneb\u00e4r ofta att \u00f6ppna upp f\u00f6r att dela med sig av n\u00e5got man upplevt. Det kan ocks\u00e5 vara ett s\u00e4tt att f\u00f6rs\u00f6ka visa aspekter av sig sj\u00e4lv inf\u00f6r andra \u2013 jag tycker att man f\u00e5r en mycket god bild av vem en person \u00e4r genom att se vilka bilder denne publicerar p\u00e5 facebook. Allra mest s\u00e4ger det kanske en hel del om vem en person vill vara, men ocks\u00e5 vad som f\u00e5ngar personens uppm\u00e4rksamhet. N\u00e5gra publicerar bilder p\u00e5 storslagna landskap, alltid utan m\u00e4nniskor, andra fotograferar gruppmedlemmar och n\u00e5gra andra vill g\u00e4rna publicera bilder p\u00e5 sig sj\u00e4lva. (Jag avst\u00e5r h\u00e4r fr\u00e5n de sp\u00e4nnande spekulationerna om exakt vad det s\u00e4ger \u2013 n\u00e5got som \u00e4r sv\u00e5rt utan att diskutera enskilda fall.)<\/p>\n<p lang=\"sv-FI\">Det finns en annan bem\u00e4rkelse i att man kan vara en ensam vandrare, som t.ex. inte utesluter att man g\u00e5r med en stor grupp. Det \u00e4r lite av en paradox att man ofta k\u00e4nner sig som allra mest ensam i grupper, n\u00e4r man t.ex. k\u00e4nner att man inte \u00e4r eller kan bli en av gruppen. Vandrar man fysiskt ensam s\u00e5 v\u00e4cks andra fr\u00e5gor, t.ex. kan fr\u00e5gan varf\u00f6r de andra i gruppen inte verkar acceptera en uppkomma. Under v\u00e5ran fj\u00e4llvandring s\u00e5g jag inga direkta s\u00e5dana problem, men i n\u00e5gon grad borde det ha f\u00f6rekommit eftersom gruppen var s\u00e5 stor. Dessutom kan s\u00e5dana problem vara sv\u00e5ra att uppt\u00e4cka, f\u00f6r de inneb\u00e4r ju att man inte har s\u00e5 n\u00e4ra kontakt med den personen.<\/p>\n<h3>Ensam \u00e4r stark \u2013 prestationen att bestiga Sveriges h\u00f6gsta berg<\/h3>\n<p lang=\"sv-FI\">Jag tycker att det \u00e4r ett m\u00e4rkligt faktum att s\u00e5 m\u00e5nga \u00e4r fokuserade p\u00e5 att vandra uppf\u00f6r Sveriges h\u00f6gsta berg. Det \u00e4r ju inte Sveriges mest sv\u00e5rbestigda berg, s\u00e5 det \u00e4r inte sv\u00e5righetsniv\u00e5n som ensam \u00e4r avg\u00f6rande. Det \u00e4r inte heller det vackraste berget (hur man nu skulle kunna g\u00f6ra en s\u00e5dan j\u00e4mf\u00f6relse), och det \u00e4r framf\u00f6r allt inte n\u00e5got man g\u00f6r ensam f\u00f6r naturupplevelsens skull.  Visst, det \u00e4r storslagen natur, men nationsgr\u00e4nser \u00e4r ju inte naturliga och det kanske finns \u00e4nnu mer storslagen natur precis i n\u00e4rheten, inne i Norge?<\/p>\n<p lang=\"sv-FI\">Det \u00e4r m\u00e5nga som anser att det \u00e4r problematiskt med prestationshetsen i v\u00e5rt samh\u00e4lle, men vad skulle det inneb\u00e4ra att ta en s\u00e5dan kritik p\u00e5 allvar n\u00e4r man funderar \u00f6ver friluftsliv? Tidningarna rapporterar ofta om tuffa \u00e4ventyrarer som har genomf\u00f6rt n\u00e5gon ny bedrift, kl\u00e4ttrat upp f\u00f6r ett h\u00f6gt berg, eller cyklat till ett h\u00f6gt berg och bestigit det utan syrgas. (R\u00f6rande utrustning, se min f\u00f6rsta fundering.) Sj\u00e4lv upplever jag en paradox; jag vill att det ska vara en utmaning, men jag vill inte k\u00e4nna att jag \u00e4r v\u00e4rd mer (eller mindre) \u00e4n andra p\u00e5 grundval av vad jag klarat av. Det viktigaste borde vara att vara en god kamrat, och det \u00e4r en roll som man  kan fullf\u00f6lja p\u00e5 flera olika s\u00e4tt. En sak kanske \u00e4r att st\u00e4lla fr\u00e5gor r\u00f6rande v\u00e5r prestationsfixering.<\/p>\n<p>De h\u00e4r problemen st\u00e4lls \u00e4nnu mer p\u00e5 sin spets av professionella \u00e4ventyrare, en yrksgrupp jag vid ett en f\u00f6rsta fundering finner underlig. (Jag har inte funderat igenom det h\u00e4r ordentligt, och det jag s\u00e4ger tror jag skulle kunna f\u00f6r\u00e4ndras avsev\u00e4rt om jag lade ner lite mer tid p\u00e5 reflektion kring \u00e4ventyrare.) M\u00e5nga verkar anse att \u00e4ventyrare har n\u00e5got viktigt att s\u00e4ga (detta kan ocks\u00e5 g\u00e4lla f.d. idrottstj\u00e4rnor). Men att g\u00e5 till ett underbetalt jobb utan uppskattning fr\u00e5n n\u00e5gon \u00e4r en betydligt st\u00f6rre utmaning, och de skulle p\u00e5 s\u00e5 s\u00e4tt kunna ha mer att s\u00e4ga om de problem vi st\u00f6ter p\u00e5 i v\u00e5ra vardagsliv. Men att s\u00e4ga n\u00e5got handlar inte bara om att ha jobbiga erfarenheter, det \u00e4r ocks\u00e5 att kunna vara snabb och s\u00e4ga saker som m\u00e5nga anser verka djupa. F\u00f6r \u00e4ventyrare \u00e4r antagligen riskmomentet viktigt, om de bara ville visa upp sin \u00f6verl\u00e4gsna fysisk skulle de kunna n\u00f6ja sig med att \u00e5ka vasaloppet eller att t\u00e4vla i multisport. Det finns en fara i att stora \u00e4ventyr blir ett egoprojekt, att de \u00e4r n\u00e5got man g\u00f6r f\u00f6r sin egen skull. Ifall man \u00e5ter g\u00f6r j\u00e4mf\u00f6relsen med idrottsm\u00e4n eller aff\u00e4rsm\u00e4n s\u00e5 \u00e4r det f\u00e5 av dem som riskerar livet, och \u00e4ven om de kanske faktiskt f\u00f6rsakar sin familj med motiveringen att de g\u00f6r det f\u00f6r sin familj, s\u00e5 fungerar inte den motiveringen f\u00f6r \u00e4ventyrare. Att riskera livet f\u00f6r sin familj l\u00e5ter alltf\u00f6r uppenbart f\u00e5nigt om man s\u00e4ger att man g\u00f6r det genom att kl\u00e4ttra utan tillr\u00e4cklig s\u00e4kerhetsutrustning. Ska man riskera livet f\u00f6r sin familj s\u00e5 g\u00f6r man det b\u00e4st genom att g\u00f6ra n\u00e5got direkt f\u00f6r dem, som att st\u00e4lla sig i v\u00e4gen vid ett r\u00e5n. Det fungerar inte att riskera sitt eget liv f\u00f6r sin familj genom att springa \u00f6ver gatan utan att se sig, \u00e4ven om det faktiskt \u00e4r sin familj man \u00e4r p\u00e5 v\u00e4g till. Det vore bara en dum d\u00f6d man skulle springa in i, det \u00e4r sv\u00e5rt att se n\u00e5got heroiskt i det. Men det \u00e4r inte dumt ifall \u00e4ventyrare f\u00e5r oss att st\u00e4lla oss fr\u00e5gan vad vi \u00e4r beredda att d\u00f6 f\u00f6r \u2013 inkomster, ber\u00f6mmelse, familj eller kanske ingenting?<\/p>\n","protected":false},"excerpt":{"rendered":"<p>Det \u00e4r m\u00e5nga (bl.a. jag) som tycker att det \u00e4r en viktigt att vandra \u00e4r n\u00e5got man g\u00f6r sj\u00e4lv, att man \u00e4r sj\u00e4lvst\u00e4ndig. H\u00e4r t\u00e4nkte jag nyansera den tankeg\u00e5ngen lite. Vi vandrar aldrig ensam, p\u00e5 n\u00e5got s\u00e4tt \u00e4r alltid n\u00e5gon &hellip; <a href=\"https:\/\/blogs.abo.fi\/benjaminalm\/2011\/11\/07\/vandringsfunderingar-2-ensamhet\/\">Forts\u00e4tt l\u00e4sa <span class=\"meta-nav\">&rarr;<\/span><\/a><\/p>\n","protected":false},"author":63,"featured_media":0,"comment_status":"open","ping_status":"open","sticky":false,"template":"","format":"standard","meta":{"footnotes":""},"categories":[8,5],"tags":[],"class_list":["post-62","post","type-post","status-publish","format-standard","hentry","category-livet","category-vildmark"],"_links":{"self":[{"href":"https:\/\/blogs.abo.fi\/benjaminalm\/wp-json\/wp\/v2\/posts\/62","targetHints":{"allow":["GET"]}}],"collection":[{"href":"https:\/\/blogs.abo.fi\/benjaminalm\/wp-json\/wp\/v2\/posts"}],"about":[{"href":"https:\/\/blogs.abo.fi\/benjaminalm\/wp-json\/wp\/v2\/types\/post"}],"author":[{"embeddable":true,"href":"https:\/\/blogs.abo.fi\/benjaminalm\/wp-json\/wp\/v2\/users\/63"}],"replies":[{"embeddable":true,"href":"https:\/\/blogs.abo.fi\/benjaminalm\/wp-json\/wp\/v2\/comments?post=62"}],"version-history":[{"count":5,"href":"https:\/\/blogs.abo.fi\/benjaminalm\/wp-json\/wp\/v2\/posts\/62\/revisions"}],"predecessor-version":[{"id":99,"href":"https:\/\/blogs.abo.fi\/benjaminalm\/wp-json\/wp\/v2\/posts\/62\/revisions\/99"}],"wp:attachment":[{"href":"https:\/\/blogs.abo.fi\/benjaminalm\/wp-json\/wp\/v2\/media?parent=62"}],"wp:term":[{"taxonomy":"category","embeddable":true,"href":"https:\/\/blogs.abo.fi\/benjaminalm\/wp-json\/wp\/v2\/categories?post=62"},{"taxonomy":"post_tag","embeddable":true,"href":"https:\/\/blogs.abo.fi\/benjaminalm\/wp-json\/wp\/v2\/tags?post=62"}],"curies":[{"name":"wp","href":"https:\/\/api.w.org\/{rel}","templated":true}]}}