{"id":83,"date":"2012-12-12T13:30:27","date_gmt":"2012-12-12T13:30:27","guid":{"rendered":"http:\/\/blogs.abo.fi\/benjaminalm\/?p=83"},"modified":"2013-10-12T07:42:45","modified_gmt":"2013-10-12T07:42:45","slug":"jag-vad-jag-kanner-och-dina-problem","status":"publish","type":"post","link":"https:\/\/blogs.abo.fi\/benjaminalm\/2012\/12\/12\/jag-vad-jag-kanner-och-dina-problem\/","title":{"rendered":"Jag, vad jag k\u00e4nner och dina problem"},"content":{"rendered":"<p>Ig\u00e5r hade jag ett samtal med en v\u00e4n, vi diskuterade hur man b\u00e4st kan ta upp n\u00e5got man upplever problematiskt med n\u00e5gon annans beteende.\u00a0 Till min f\u00f6rv\u00e5ning sade jag att jag k\u00e4nner en slags avsmak f\u00f6r att inleda diskussioner om n\u00e5gon annans problematiska beteende med &#8221;Jag k\u00e4nner mig illa till mods n\u00e4r du g\u00f6r &#8230;&#8221;. Vad g\u00f6r ordet &#8221;jag&#8221; h\u00e4r? Den andre borde v\u00e4l veta att det \u00e4r <em>jag <\/em>som kritiserar honom? Varf\u00f6r l\u00e4gger jag till &#8221;k\u00e4nner&#8221;? F\u00f6r att skilja det fr\u00e5n vad jag t\u00e4nker? Eller f\u00f6r att jag l\u00e4gger in ett avst\u00e5nd mellan mig och min \u00e5sikt? Sj\u00e4lv uttrycker jag mig ofta p\u00e5 det h\u00e4r s\u00e4ttet, och det \u00f6ppnar ofta upp f\u00f6r vidare diskussioner. Men det \u00e4r ocks\u00e5 ett s\u00e4tt att undvika att vara uppriktig, fokuset ska inte ligga p\u00e5 mig och mina k\u00e4nslor utan p\u00e5 det problematiska.<\/p>\n","protected":false},"excerpt":{"rendered":"<p>Ig\u00e5r hade jag ett samtal med en v\u00e4n, vi diskuterade hur man b\u00e4st kan ta upp n\u00e5got man upplever problematiskt med n\u00e5gon annans beteende.\u00a0 Till min f\u00f6rv\u00e5ning sade jag att jag k\u00e4nner en slags avsmak f\u00f6r att inleda diskussioner om &hellip; <a href=\"https:\/\/blogs.abo.fi\/benjaminalm\/2012\/12\/12\/jag-vad-jag-kanner-och-dina-problem\/\">Forts\u00e4tt l\u00e4sa <span class=\"meta-nav\">&rarr;<\/span><\/a><\/p>\n","protected":false},"author":63,"featured_media":0,"comment_status":"open","ping_status":"open","sticky":false,"template":"","format":"standard","meta":{"footnotes":""},"categories":[8,1],"tags":[],"class_list":["post-83","post","type-post","status-publish","format-standard","hentry","category-livet","category-okategoriserade"],"_links":{"self":[{"href":"https:\/\/blogs.abo.fi\/benjaminalm\/wp-json\/wp\/v2\/posts\/83","targetHints":{"allow":["GET"]}}],"collection":[{"href":"https:\/\/blogs.abo.fi\/benjaminalm\/wp-json\/wp\/v2\/posts"}],"about":[{"href":"https:\/\/blogs.abo.fi\/benjaminalm\/wp-json\/wp\/v2\/types\/post"}],"author":[{"embeddable":true,"href":"https:\/\/blogs.abo.fi\/benjaminalm\/wp-json\/wp\/v2\/users\/63"}],"replies":[{"embeddable":true,"href":"https:\/\/blogs.abo.fi\/benjaminalm\/wp-json\/wp\/v2\/comments?post=83"}],"version-history":[{"count":2,"href":"https:\/\/blogs.abo.fi\/benjaminalm\/wp-json\/wp\/v2\/posts\/83\/revisions"}],"predecessor-version":[{"id":97,"href":"https:\/\/blogs.abo.fi\/benjaminalm\/wp-json\/wp\/v2\/posts\/83\/revisions\/97"}],"wp:attachment":[{"href":"https:\/\/blogs.abo.fi\/benjaminalm\/wp-json\/wp\/v2\/media?parent=83"}],"wp:term":[{"taxonomy":"category","embeddable":true,"href":"https:\/\/blogs.abo.fi\/benjaminalm\/wp-json\/wp\/v2\/categories?post=83"},{"taxonomy":"post_tag","embeddable":true,"href":"https:\/\/blogs.abo.fi\/benjaminalm\/wp-json\/wp\/v2\/tags?post=83"}],"curies":[{"name":"wp","href":"https:\/\/api.w.org\/{rel}","templated":true}]}}