{"id":92,"date":"2013-10-12T07:39:09","date_gmt":"2013-10-12T07:39:09","guid":{"rendered":"http:\/\/blogs.abo.fi\/benjaminalm\/?p=92"},"modified":"2013-10-12T07:42:45","modified_gmt":"2013-10-12T07:42:45","slug":"host-i-livet","status":"publish","type":"post","link":"https:\/\/blogs.abo.fi\/benjaminalm\/2013\/10\/12\/host-i-livet\/","title":{"rendered":"H\u00f6st i livet"},"content":{"rendered":"<p>F\u00e4rgerna \u00e4r underbara p\u00e5 h\u00f6sten, l\u00f6ven f\u00e5r v\u00e4rlden att likna en m\u00e5lning, eller en tecknad serie. Eller \u00e4r det m\u00e5lningar och tecknade serier som liknar h\u00f6sten? H\u00f6sten \u00e4r en ofta f\u00f6rbisedd viktig del av v\u00e5ra liv. Sj\u00e4lv \u00e4r jag f\u00f6dd p\u00e5 h\u00f6sten, f\u00f6r n\u00e5gra veckor sedan fyllde jag fyrtio \u00e5r. Det \u00e4r n\u00e4stan en svindlande k\u00e4nsla &#8211; n\u00e4r ska det egentliga livet b\u00f6rja? Jag \u00e4r redo, jag har gjort mina l\u00e4xor och vattenkammat h\u00e5ret. Fyrtio \u00e5r &#8211; redan h\u00f6st! Men det h\u00e4r beh\u00f6ver inte betyda samma sak f\u00f6r alla m\u00e4nniskor &#8211; sj\u00e4lv har jag blivit vemodig l\u00e4ttad varje g\u00e5ng det b\u00f6rjar bli h\u00f6st. Visserligen \u00e4lskar jag sol, v\u00e4rme och ljus, bad och den intensivt levande naturen, men de senaste \u00e5ren har jag blivit lite f\u00f6rv\u00e5nad \u00f6ver att jag faktiskt har \u00f6verlevt sommaren, och att den \u00e4ntligen \u00e4r \u00f6ver. Att spekulera \u00f6ver hur mina kommande tjugo \u00e5r kommer att se ut, baserat p\u00e5 en uppdelning v\u00e5r \u00e5r 1-20, sommar \u00e5r 21-40, h\u00f6st 41-60, vinter 61-80, k\u00e4nns m\u00e4rkligt spekulativ. Men kanske skulle jag undvika sorg \u00f6ver att sommaren har g\u00e5tt, ifall jag p\u00e5minner mig att det \u00e4r den jobbigaste \u00e5rstiden f\u00f6r mig? Buddister f\u00f6rs\u00f6ker se de gr\u00f6nskande v\u00e4xterna i h\u00f6stens f\u00f6rmultnande l\u00f6v, f\u00f6rs\u00f6ker se sk\u00f6nheten i det nedbrytande. Det kan hj\u00e4lpa mig att se att h\u00f6sten \u00e4r viktig, men det kan ocks\u00e5 leda till missuppfattningar. H\u00f6sten har sin egen, unika sk\u00f6nhet, som \u00e4r lika oberoende av att det f\u00f6ljer en ny sommar, som sommarens sk\u00f6nhet \u00e4r oberoende av att den f\u00f6ljs av en h\u00f6st. Ursprunget till det h\u00e4r blogginl\u00e4gget var att jag ville fundera \u00f6ver skorstenar (som representation f\u00f6r industrialisering och stad), l\u00f6v (som natur) och h\u00f6st (som den nedg\u00e5ende delen i ett cykliskt f\u00f6rlopp):<\/p>\n<p><a href=\"http:\/\/blogs.abo.fi\/benjaminalm\/files\/131009-skorsten-genom-l\u00f6v.jpg\"><img loading=\"lazy\" decoding=\"async\" class=\"alignnone size-large wp-image-93\" src=\"http:\/\/blogs.abo.fi\/benjaminalm\/files\/131009-skorsten-genom-l\u00f6v-768x1024.jpg\" alt=\"\" width=\"640\" height=\"853\" srcset=\"https:\/\/blogs.abo.fi\/benjaminalm\/files\/131009-skorsten-genom-l\u00f6v-768x1024.jpg 768w, https:\/\/blogs.abo.fi\/benjaminalm\/files\/131009-skorsten-genom-l\u00f6v-225x300.jpg 225w, https:\/\/blogs.abo.fi\/benjaminalm\/files\/131009-skorsten-genom-l\u00f6v.jpg 1920w\" sizes=\"auto, (max-width: 640px) 100vw, 640px\" \/><\/a><\/p>\n<p>Nu l\u00e4mnar jag den h\u00e4r reflektionen till l\u00e4sarskarorna ist\u00e4llet.<\/p>\n","protected":false},"excerpt":{"rendered":"<p>F\u00e4rgerna \u00e4r underbara p\u00e5 h\u00f6sten, l\u00f6ven f\u00e5r v\u00e4rlden att likna en m\u00e5lning, eller en tecknad serie. Eller \u00e4r det m\u00e5lningar och tecknade serier som liknar h\u00f6sten? H\u00f6sten \u00e4r en ofta f\u00f6rbisedd viktig del av v\u00e5ra liv. Sj\u00e4lv \u00e4r jag f\u00f6dd &hellip; <a href=\"https:\/\/blogs.abo.fi\/benjaminalm\/2013\/10\/12\/host-i-livet\/\">Forts\u00e4tt l\u00e4sa <span class=\"meta-nav\">&rarr;<\/span><\/a><\/p>\n","protected":false},"author":63,"featured_media":0,"comment_status":"open","ping_status":"open","sticky":false,"template":"","format":"standard","meta":{"footnotes":""},"categories":[8,1],"tags":[],"class_list":["post-92","post","type-post","status-publish","format-standard","hentry","category-livet","category-okategoriserade"],"_links":{"self":[{"href":"https:\/\/blogs.abo.fi\/benjaminalm\/wp-json\/wp\/v2\/posts\/92","targetHints":{"allow":["GET"]}}],"collection":[{"href":"https:\/\/blogs.abo.fi\/benjaminalm\/wp-json\/wp\/v2\/posts"}],"about":[{"href":"https:\/\/blogs.abo.fi\/benjaminalm\/wp-json\/wp\/v2\/types\/post"}],"author":[{"embeddable":true,"href":"https:\/\/blogs.abo.fi\/benjaminalm\/wp-json\/wp\/v2\/users\/63"}],"replies":[{"embeddable":true,"href":"https:\/\/blogs.abo.fi\/benjaminalm\/wp-json\/wp\/v2\/comments?post=92"}],"version-history":[{"count":3,"href":"https:\/\/blogs.abo.fi\/benjaminalm\/wp-json\/wp\/v2\/posts\/92\/revisions"}],"predecessor-version":[{"id":96,"href":"https:\/\/blogs.abo.fi\/benjaminalm\/wp-json\/wp\/v2\/posts\/92\/revisions\/96"}],"wp:attachment":[{"href":"https:\/\/blogs.abo.fi\/benjaminalm\/wp-json\/wp\/v2\/media?parent=92"}],"wp:term":[{"taxonomy":"category","embeddable":true,"href":"https:\/\/blogs.abo.fi\/benjaminalm\/wp-json\/wp\/v2\/categories?post=92"},{"taxonomy":"post_tag","embeddable":true,"href":"https:\/\/blogs.abo.fi\/benjaminalm\/wp-json\/wp\/v2\/tags?post=92"}],"curies":[{"name":"wp","href":"https:\/\/api.w.org\/{rel}","templated":true}]}}