{"id":207,"date":"2019-03-04T11:42:51","date_gmt":"2019-03-04T09:42:51","guid":{"rendered":"https:\/\/blogs.abo.fi\/filosofi\/?p=207"},"modified":"2019-03-04T11:42:51","modified_gmt":"2019-03-04T09:42:51","slug":"alumn-joakim-molander","status":"publish","type":"post","link":"https:\/\/blogs.abo.fi\/filosofi\/2019\/03\/04\/alumn-joakim-molander\/","title":{"rendered":"Alumn: Joakim Molander"},"content":{"rendered":"<p><img loading=\"lazy\" decoding=\"async\" class=\" wp-image-210 alignleft\" src=\"https:\/\/blogs.abo.fi\/filosofi\/files\/2019\/02\/jmolander21.jpg\" alt=\"\" width=\"262\" height=\"294\" \/><span style=\"color: #000000;font-family: Calibri\">Jag avslutade min magister i filosofi 1995 och doktorerade 2002. Efter att ha arbetat som utv\u00e4rderare p\u00e5 Mittuniversitetet i Sverige och f\u00f6r det privata bolaget Evaluate AB fick jag anst\u00e4llning p\u00e5 den svenska bist\u00e5ndsmyndigheten Sida som utv\u00e4rderare. Det ledde i sin tur till arbete med bist\u00e5ndfr\u00e5gor p\u00e5 de svenska ambassaderna i Sarajevo (2005-2008) och Kigali (2011-2015). F\u00f6r n\u00e4rvarande arbetar jag p\u00e5 det mellanstatliga organisationen International IDEA som st\u00f6djer valprocesser och demokratiutveckling v\u00e4rlden \u00f6ver.<\/span><\/p>\n<p><span style=\"color: #000000;font-family: Calibri\">Studierna i filosofi har gett mig en bred allm\u00e4nbildning som \u00e4r en tillg\u00e5ng i arbetet. Studier och undervisning i vetenskapsteori, med koppling till forskningsmetodik, ledde mig in p\u00e5 utv\u00e4rderingssp\u00e5ret. Senare har jag haft mest praktisk nytta av studierna i etik och politisk filosofi, som gett en bra grund f\u00f6r arbete med m\u00e4nskliga r\u00e4ttigheter och demokratiutveckling b\u00e5de p\u00e5 Sida och International IDEA.<\/span><\/p>\n","protected":false},"excerpt":{"rendered":"<p>Jag avslutade min magister i filosofi 1995 och doktorerade 2002. Efter att ha arbetat som utv\u00e4rderare p\u00e5 Mittuniversitetet i Sverige och f\u00f6r det privata bolaget Evaluate AB fick jag anst\u00e4llning p\u00e5 den svenska bist\u00e5ndsmyndigheten Sida som utv\u00e4rderare. Det ledde i sin tur till arbete med bist\u00e5ndfr\u00e5gor p\u00e5 de svenska ambassaderna i Sarajevo (2005-2008) och Kigali [&hellip;]<\/p>\n","protected":false},"author":512,"featured_media":0,"comment_status":"open","ping_status":"open","sticky":false,"template":"","format":"standard","meta":{"footnotes":""},"categories":[5],"tags":[],"class_list":["post-207","post","type-post","status-publish","format-standard","hentry","category-alumni"],"_links":{"self":[{"href":"https:\/\/blogs.abo.fi\/filosofi\/wp-json\/wp\/v2\/posts\/207","targetHints":{"allow":["GET"]}}],"collection":[{"href":"https:\/\/blogs.abo.fi\/filosofi\/wp-json\/wp\/v2\/posts"}],"about":[{"href":"https:\/\/blogs.abo.fi\/filosofi\/wp-json\/wp\/v2\/types\/post"}],"author":[{"embeddable":true,"href":"https:\/\/blogs.abo.fi\/filosofi\/wp-json\/wp\/v2\/users\/512"}],"replies":[{"embeddable":true,"href":"https:\/\/blogs.abo.fi\/filosofi\/wp-json\/wp\/v2\/comments?post=207"}],"version-history":[{"count":5,"href":"https:\/\/blogs.abo.fi\/filosofi\/wp-json\/wp\/v2\/posts\/207\/revisions"}],"predecessor-version":[{"id":260,"href":"https:\/\/blogs.abo.fi\/filosofi\/wp-json\/wp\/v2\/posts\/207\/revisions\/260"}],"wp:attachment":[{"href":"https:\/\/blogs.abo.fi\/filosofi\/wp-json\/wp\/v2\/media?parent=207"}],"wp:term":[{"taxonomy":"category","embeddable":true,"href":"https:\/\/blogs.abo.fi\/filosofi\/wp-json\/wp\/v2\/categories?post=207"},{"taxonomy":"post_tag","embeddable":true,"href":"https:\/\/blogs.abo.fi\/filosofi\/wp-json\/wp\/v2\/tags?post=207"}],"curies":[{"name":"wp","href":"https:\/\/api.w.org\/{rel}","templated":true}]}}