{"id":274,"date":"2026-09-01T17:36:26","date_gmt":"2026-09-01T14:36:26","guid":{"rendered":"https:\/\/blogs.abo.fi\/finska\/?p=274"},"modified":"2026-09-01T17:36:26","modified_gmt":"2026-09-01T14:36:26","slug":"syyslukukausi-2026-alkaa","status":"publish","type":"post","link":"https:\/\/blogs.abo.fi\/finska\/2026\/09\/01\/syyslukukausi-2026-alkaa\/","title":{"rendered":"Syyslukukausi 2026 alkaa!"},"content":{"rendered":"<p>Suomen kielen opetus on julkaistu studiehandbokenissa:<\/p>\n<p>https:\/\/studiehandboken.abo.fi\/sv\/program\/29123?period=2024-2027<\/p>\n<p>Syyslukukaudella teit\u00e4 opettavat Saija Merke,\u00a0Karita Suomalainen, Taru Luojola\u00a0 ja Ida Nikkanen.<\/p>\n<p>Kev\u00e4\u00e4ll\u00e4 tulee jonkin verran muutoksia opettajakuntaan. Siit\u00e4 lis\u00e4\u00e4 tietoa my\u00f6hemmin.<\/p>\n<p>Toivotamme kaikille oikein hyv\u00e4\u00e4 lukukauden alkua!<\/p>\n","protected":false},"excerpt":{"rendered":"<p>Suomen kielen opetus on julkaistu studiehandbokenissa: https:\/\/studiehandboken.abo.fi\/sv\/program\/29123?period=2024-2027 Syyslukukaudella teit\u00e4 opettavat Saija Merke,\u00a0Karita Suomalainen, Taru Luojola\u00a0 ja Ida Nikkanen. Kev\u00e4\u00e4ll\u00e4 tulee jonkin verran muutoksia opettajakuntaan. Siit\u00e4 lis\u00e4\u00e4 tietoa my\u00f6hemmin. Toivotamme kaikille oikein hyv\u00e4\u00e4 lukukauden alkua!<\/p>\n","protected":false},"author":579,"featured_media":0,"comment_status":"closed","ping_status":"open","sticky":false,"template":"","format":"standard","meta":{"footnotes":""},"categories":[1],"tags":[],"class_list":["post-274","post","type-post","status-publish","format-standard","hentry","category-okategoriserade"],"_links":{"self":[{"href":"https:\/\/blogs.abo.fi\/finska\/wp-json\/wp\/v2\/posts\/274","targetHints":{"allow":["GET"]}}],"collection":[{"href":"https:\/\/blogs.abo.fi\/finska\/wp-json\/wp\/v2\/posts"}],"about":[{"href":"https:\/\/blogs.abo.fi\/finska\/wp-json\/wp\/v2\/types\/post"}],"author":[{"embeddable":true,"href":"https:\/\/blogs.abo.fi\/finska\/wp-json\/wp\/v2\/users\/579"}],"replies":[{"embeddable":true,"href":"https:\/\/blogs.abo.fi\/finska\/wp-json\/wp\/v2\/comments?post=274"}],"version-history":[{"count":1,"href":"https:\/\/blogs.abo.fi\/finska\/wp-json\/wp\/v2\/posts\/274\/revisions"}],"predecessor-version":[{"id":275,"href":"https:\/\/blogs.abo.fi\/finska\/wp-json\/wp\/v2\/posts\/274\/revisions\/275"}],"wp:attachment":[{"href":"https:\/\/blogs.abo.fi\/finska\/wp-json\/wp\/v2\/media?parent=274"}],"wp:term":[{"taxonomy":"category","embeddable":true,"href":"https:\/\/blogs.abo.fi\/finska\/wp-json\/wp\/v2\/categories?post=274"},{"taxonomy":"post_tag","embeddable":true,"href":"https:\/\/blogs.abo.fi\/finska\/wp-json\/wp\/v2\/tags?post=274"}],"curies":[{"name":"wp","href":"https:\/\/api.w.org\/{rel}","templated":true}]}}