{"id":1212,"date":"2013-11-05T08:03:24","date_gmt":"2013-11-05T05:03:24","guid":{"rendered":"http:\/\/blogs.abo.fi\/forskarbloggen\/?p=1212"},"modified":"2013-11-06T09:22:00","modified_gmt":"2013-11-06T06:22:00","slug":"resandets-olidliga-latthet","status":"publish","type":"post","link":"https:\/\/blogs.abo.fi\/forskarbloggen\/2013\/11\/05\/resandets-olidliga-latthet\/","title":{"rendered":"Resandets olidliga l\u00e4tthet"},"content":{"rendered":"<p><img loading=\"lazy\" decoding=\"async\" class=\"alignleft size-full wp-image-1114\" title=\"Mattila\" src=\"http:\/\/blogs.abo.fi\/forskarbloggen\/files\/Mattila.jpg\" alt=\"Johanna Mattila\" width=\"170\" height=\"220\" \/>Att sitta under palmer i str\u00e5lande solsken och \u00e4ta sin frukost med f\u00e4rska tropiska frukter \u00e4r inte s\u00e5 fel s\u00e5 h\u00e4r i b\u00f6rjan av november. Det h\u00e4r fick jag g\u00f6ra i s\u00f6ndags d\u00e5 jag f\u00f6reg\u00e5ende dag hade anl\u00e4nt till San Diego f\u00f6r en konferens g\u00e4llande kustomr\u00e5dens ekologi och h\u00e5llbar sk\u00f6tsel av dem.<\/p>\n<p>Samtidigt som det k\u00e4ndes sk\u00f6nt att njuta av solskenet och v\u00e4rmen, k\u00e4nde jag ett stygn i hj\u00e4rtat n\u00e4r jag t\u00e4nkte p\u00e5 den klimatp\u00e5verkan som min resa till andra sidan av v\u00e4rlden orsakade. Jag hade funderat p\u00e5 detta redan under flygresan, och p\u00e5 s\u00f6ndagmorgonen kollade jag p\u00e5 n\u00e4tet hur mycket koldioxid min resa producerar. Kalkylatorn p\u00e5 ICAO:s (International Civil Aviation Organisation) hemsida visade att tur- och returresan med de mellanlandningar som ing\u00e5r i min resa producerar 1955 kg CO2. Det h\u00e4r h\u00e4r betyder att jag dubblerar den m\u00e4ngd koldioxid som jag producrerar med min bilanv\u00e4nding (ca 10-15 000 km) p\u00e5 ett helt \u00e5r &#8211; med en enda resa.<\/p>\n<p>\u00c4r flygresorna till n\u00e5gra dagars m\u00f6ten och konferenser etiskt f\u00f6rsvarbara speciellt om syftet p\u00e5 konferensen \u00e4r att jobba med h\u00e5llbarhetsfr\u00e5gor och klimatanpassning? (Eller \u00e4r det ens klokt att flyga till andra sidan av v\u00e4rlden med tanke p\u00e5 den jetlag som jag f\u00e5r g\u00e5 genom i b\u00e5da \u00e4ndorna av resan?) Dessutom \u00e4r min koldioxidbelastning bara en br\u00e5kdel av de koldioxidutsl\u00e4pp som flygplanen producerar p\u00e5 den rutt jag tar. Det finns ju mellan 100 och 300 medpassagerare p\u00e5 de olika etapperna, s\u00e5 ta koldioxidkilon g\u00e5nger tv\u00e5-trehundra f\u00f6r totalbelastning.<\/p>\n<p>P\u00e5 flygf\u00e4ltet i San Diego reflekterade jag ytterligare \u00f6ver m\u00f6tesresandets frekvens. Vid taxik\u00f6erna stod en skylt d\u00e4r de lokala taxif\u00f6retagarna v\u00e4lkomnade deltagare till minst sex samtidigt p\u00e5g\u00e5ende konferenser, antagligen i hopp om att tj\u00e4na pengar p\u00e5 hotelltransporterna. Om man antar att det finns dryga tusen deltagare vid varje konferens, s\u00e5som p\u00e5 v\u00e5r ocks\u00e5, betyder det h\u00e4r n\u00e4rmare 10 000 flygresor av olika l\u00e4ngd till bara en stad. Och hur m\u00e5nga m\u00f6ten och konferenser det m\u00e5nne p\u00e5g\u00e5r den h\u00e4r veckan p\u00e5 olika st\u00e4llen i v\u00e4rlden?<\/p>\n<p>Jag har m\u00e5nga g\u00e5nger funderat \u00f6ver hur bakv\u00e4nt det k\u00e4nns n\u00e4r de forskare och politiker som jobbar f\u00f6r att minska p\u00e5 klimatf\u00f6r\u00e4ndring h\u00e5ller m\u00f6ten p\u00e5 de mest exotiska st\u00e4llen i v\u00e4rden. T\u00e4nker man p\u00e5 t.ex. Kyoto-avtalet och de m\u00f6ten som har h\u00e5llits kring det under de senaste \u00e5ren, kommer st\u00e4llen som Bali (2012), Cancun (2012), Durban (2011) och Doha (2012) upp som viktiga m\u00f6tesplatser. Det h\u00e4r betyder att tusentals m\u00e4nniskor (alla observat\u00f6rer, lobbare och journalister medr\u00e4knade) har tagit flyget och f\u00f6rflyttat sig \u201dtill andra sidan av v\u00e4rlden\u201d f\u00f6r att diskutera minskning av v\u00e4xthusgaser och att \u00f6ka h\u00e5llbarhet i v\u00e4rlden. Det finns lite av den gamla pr\u00e4sten \u00f6ver det hela; g\u00f6r inte som jag g\u00f6r utan som jag s\u00e4ger&#8230;<\/p>\n<p>Kunde man inte sk\u00f6ta \u00e5tminstone milj\u00f6relaterade vetenskapliga konferenser och politiska m\u00f6ten virtuellt? I teorin s\u00e4kert. Men \u00e4ven om vi har tekniska m\u00f6jligheter till virtuella m\u00f6ten och t.o.m. avatar-liv i cyberrymden, \u00e4r det inte samma sak som att p\u00e5 riktigt m\u00f6tas med andra i k\u00f6ttv\u00e4rlden. \u00c5tminstone inte \u00e4nnu. M\u00f6ten \u00e4r s\u00e5 mycket annat ocks\u00e5 \u00e4n den officiella agendan och dess genomf\u00f6rande. Alla spontana diskussioner och m\u00f6ten med nya m\u00e4nniskor och nya upplevelser och insikter som inte ens beh\u00f6ver uppst\u00e5 p\u00e5 sj\u00e4lva m\u00f6tet utan i en fr\u00e4mmande milj\u00f6 som ger perspektiv p\u00e5 olika saker.<\/p>\n<p>Kanske virtuella m\u00f6ten p\u00e5 riktigt kan bli ers\u00e4ttande den dagen man ocks\u00e5 f\u00e5r alla sinnesf\u00f6rnimmelser fr\u00e5n lukterna till ljuden fr\u00e5n m\u00f6tesplatsens omgivning med, och alla \u00f6verraskningsmoment som ing\u00e5r i irl-m\u00f6ten (\u2019in real life\u2019). Fast \u00e5 andra sidan \u00e4r jag inte s\u00e5 s\u00e4ker p\u00e5 att det skulle vara samma sak som att m\u00f6tas p\u00e5 riktigt \u00e4ven om man tekniskt kan locka fram samma sinnesf\u00f6rnimmelser hos en cyborg som riktiga fysiska upplevelser f\u00e5r fram hos en \u2019eko-m\u00e4nniska utan tekniska accessoirer\u2019.<\/p>\n<p>Hur som helst \u00e4r det inte s\u00e5 entydigt hur man skall agera i den h\u00e4r komplexa v\u00e4rlden f\u00f6r att uppn\u00e5 \u00e4dla m\u00e5l om h\u00e5llbarare m\u00e4nsklighet. Hur mycket resande och andra klimatsynder kan man till\u00e5ta sig i arbetet mot klimatneutrala m\u00e5ls\u00e4ttningar och andra viktiga \u00e4ndam\u00e5l? Jag har inte svaret p\u00e5 fr\u00e5gan, och det har knappast n\u00e5gon.<\/p>\n<p>Det som jag vet \u00e4r att det \u00e4r v\u00e4rt att f\u00f6rs\u00f6ka f\u00e5 ut s\u00e5 mycket som m\u00f6jligt utav de nya forskningsr\u00f6n som presenteras h\u00e4r p\u00e5 konferensen, utan att heller gl\u00f6mma bort m\u00f6jligheten att l\u00e5ta tankarna vandra friare \u00e4n i den normala i vardagsmilj\u00f6n i \u00c5bo. De b\u00e4sta ide\u00e9rna dyker ju oftast upp d\u00e5 man minst jobbar f\u00f6r dem. Dessutom \u00e4r inte solsken heller fel f\u00f6r kreativiteten, hoppas jag.<\/p>\n","protected":false},"excerpt":{"rendered":"<p>Att sitta under palmer i str\u00e5lande solsken och \u00e4ta sin frukost med f\u00e4rska tropiska frukter \u00e4r inte s\u00e5 fel s\u00e5 h\u00e4r i b\u00f6rjan av november. Det h\u00e4r fick jag g\u00f6ra i s\u00f6ndags d\u00e5 jag f\u00f6reg\u00e5ende dag hade anl\u00e4nt till San Diego f\u00f6r en konferens g\u00e4llande kustomr\u00e5dens ekologi och h\u00e5llbar sk\u00f6tsel av dem. Samtidigt som det [&hellip;]<\/p>\n","protected":false},"author":368,"featured_media":0,"comment_status":"open","ping_status":"open","sticky":false,"template":"","format":"standard","meta":{"footnotes":""},"categories":[147],"tags":[161,162,11],"class_list":["post-1212","post","type-post","status-publish","format-standard","hentry","category-mattila","tag-hallbarhet","tag-klimatforandring","tag-konferens"],"_links":{"self":[{"href":"https:\/\/blogs.abo.fi\/forskarbloggen\/wp-json\/wp\/v2\/posts\/1212","targetHints":{"allow":["GET"]}}],"collection":[{"href":"https:\/\/blogs.abo.fi\/forskarbloggen\/wp-json\/wp\/v2\/posts"}],"about":[{"href":"https:\/\/blogs.abo.fi\/forskarbloggen\/wp-json\/wp\/v2\/types\/post"}],"author":[{"embeddable":true,"href":"https:\/\/blogs.abo.fi\/forskarbloggen\/wp-json\/wp\/v2\/users\/368"}],"replies":[{"embeddable":true,"href":"https:\/\/blogs.abo.fi\/forskarbloggen\/wp-json\/wp\/v2\/comments?post=1212"}],"version-history":[{"count":4,"href":"https:\/\/blogs.abo.fi\/forskarbloggen\/wp-json\/wp\/v2\/posts\/1212\/revisions"}],"predecessor-version":[{"id":1218,"href":"https:\/\/blogs.abo.fi\/forskarbloggen\/wp-json\/wp\/v2\/posts\/1212\/revisions\/1218"}],"wp:attachment":[{"href":"https:\/\/blogs.abo.fi\/forskarbloggen\/wp-json\/wp\/v2\/media?parent=1212"}],"wp:term":[{"taxonomy":"category","embeddable":true,"href":"https:\/\/blogs.abo.fi\/forskarbloggen\/wp-json\/wp\/v2\/categories?post=1212"},{"taxonomy":"post_tag","embeddable":true,"href":"https:\/\/blogs.abo.fi\/forskarbloggen\/wp-json\/wp\/v2\/tags?post=1212"}],"curies":[{"name":"wp","href":"https:\/\/api.w.org\/{rel}","templated":true}]}}