{"id":1222,"date":"2013-11-18T11:54:15","date_gmt":"2013-11-18T08:54:15","guid":{"rendered":"http:\/\/blogs.abo.fi\/forskarbloggen\/?p=1222"},"modified":"2014-01-21T16:54:06","modified_gmt":"2014-01-21T13:54:06","slug":"bakom-valfrihetens-kulisser","status":"publish","type":"post","link":"https:\/\/blogs.abo.fi\/forskarbloggen\/2013\/11\/18\/bakom-valfrihetens-kulisser\/","title":{"rendered":"Bakom valfrihetens kulisser"},"content":{"rendered":"<p><a href=\"http:\/\/blogs.abo.fi\/forskarbloggen\/files\/1073933014.jpg\"><img loading=\"lazy\" decoding=\"async\" class=\"alignnone size-full wp-image-1226\" src=\"http:\/\/blogs.abo.fi\/forskarbloggen\/files\/1073933014.jpg\" alt=\"\" width=\"168\" height=\"240\" \/><\/a>Det ligger i tiden att betrakta \u00f6kad valfrihet som n\u00e5got odelat positivt. Som konsumenter skall vi ha obegr\u00e4nsad r\u00e4tt att v\u00e4lja de varor och tj\u00e4nster som b\u00e4st motsvarar v\u00e5ra personliga preferenser. Inom en n\u00e4ra framtid kommer vi med st\u00f6rsta sannolikhet ocks\u00e5 att kunna v\u00e4lja vilken h\u00e4lsocentral vi vill anlita f\u00f6r det fall att vi blir tvungna att ty oss till den offentliga h\u00e4lsov\u00e5rden. Givetvis under f\u00f6ruts\u00e4ttning att vi fortfarande \u00e4r tillr\u00e4ckligt r\u00f6rliga f\u00f6r att bes\u00f6ka n\u00e5gon annan h\u00e4lsocentral \u00e4n den som r\u00e5kar ligga n\u00e4rmast.<\/p>\n<p>Vid en f\u00f6rsta anblick verkar det d\u00e4rf\u00f6r helt i enlighet med tidsandan att Undervisningsministeriet vill \u00f6ka valfriheten inom gymnasieundervisningen. Tanken \u00e4r att gymnasieeleverna inte l\u00e4ngre skall vara &#8221;tvungna&#8221; att skaffa sig en bred allm\u00e4nbildning genom att l\u00e4ra sig litet av varje. I st\u00e4llet skall de kunna inrikta sig p\u00e5 en sn\u00e4vare \u00e4mneskombination, allra helst en som st\u00f6der deras framtida yrkesval.<\/p>\n<p>Under valfrihetens varma och sk\u00f6na \u00f6verrock d\u00f6ljer sig med andra ord en ekonomisk bockfot: att v\u00e4lja fritt m\u00e5 vara stort, men att v\u00e4lja r\u00e4tt \u00e4r definitivt st\u00f6rre. Och med att v\u00e4lja r\u00e4tt menas i det h\u00e4r fallet att v\u00e4lja en s\u00e5dan \u00e4mneskombination som gymnasieeleverna har st\u00f6rsta m\u00f6jliga nytta av i sina framtida h\u00f6gskolestudier, vilket i sin tur\u00a0 f\u00f6rv\u00e4ntas p\u00e5skynda <em>genomstr\u00f6mningen<\/em>. Vilket i sin tur betyder att v\u00e5ra studerande f\u00f6rv\u00e4ntas komma ut snabbare p\u00e5 arbetsmarknaden f\u00f6r att betvinga den arbetskraftsbrist som det visserligen \u00e4nnu inte synts n\u00e5gra som helst tecken p\u00e5, men som det oaktat betraktas som ett stort problem.<\/p>\n<p>Att valfriheten, alla vackra fraser till trots, inte egentligen \u00e4r det v\u00e4sentliga i den planerade gymnasiereformen f\u00f6rklarar varf\u00f6r Undervisningsministeriet samtidigt har g\u00e5tt in f\u00f6r att <em>minska<\/em> valfriheten inom h\u00f6gskolestudierna, som i allt h\u00f6gre grad har b\u00f6rjat p\u00e5minna om den rigida och inrutade produktionsprocessen i ett sovjettida traktorkombinat. Det handlar med andra ord inte om inkonsekvens fr\u00e5n Undervisningsministeriets sida; i b\u00e5da fallen \u00e4r det allt \u00f6verskuggande m\u00e5let att i en allt snabbare takt f\u00f6rse samh\u00e4llsekonomin med arbetskraft.<\/p>\n<p>F\u00f6r den som, i likhet med undertecknad, ser en god allm\u00e4nbildning som ett egenv\u00e4rde \u00e4r den planerade gymnasiereformen minst sagt orov\u00e4ckande. I och med att det har blivit i det n\u00e4rmaste om\u00f6jligt f\u00f6r h\u00f6gskolestuderande att bredda sin allm\u00e4nbildning genom att av rent intresse g\u00e5 p\u00e5 kurser som faller utanf\u00f6r den egna studieplanen har v\u00e5ra gymnasier i praktiken blivit allm\u00e4nbildningens sista bastion. Om ocks\u00e5 den bastionen faller kommer allm\u00e4nbildningen igen att bli ett privilegium f\u00f6r dem som har tid, energi och resurser att allm\u00e4nbilda sig p\u00e5 egen tid och bekostnad.<\/p>\n<p>I det r\u00e5dande samh\u00e4llsklimatet finns det dessv\u00e4rre inget st\u00f6rre hopp om att kunna r\u00e4dda allm\u00e4nbildningen bara genom att h\u00e4nvisa till dess egenv\u00e4rde. Lyckligtvis finns det ocks\u00e5 minst tv\u00e5 v\u00e4gande ekonomiska argument mot att, med valfriheten som f\u00f6rev\u00e4ndning, s\u00e4tta allm\u00e4nbildningen p\u00e5 undantag.<\/p>\n<p>F\u00f6r det f\u00f6rsta finns det ett stort behov av tv\u00e4rvetenskaplighet och m\u00e5ngsidigt kunnande i dagens allt mer komplicerade och dynamiska ekonomi. I den h\u00e4r kunskapspaletten finns det, i motsats till vad det h\u00e4r i Finland f\u00f6rh\u00e4rskande h\u00f6gskolepolitiska syns\u00e4ttet vill g\u00f6ra g\u00e4llande, ocks\u00e5 utrymme f\u00f6r humaniora. Den framg\u00e5ngsrika storplaceraren och m\u00e5ngmiljard\u00e4ren <strong>George Soros<\/strong> har, f\u00f6r att ta ett exempel, f\u00f6rklarat att av alla de \u00e4mnen han pr\u00f6vade p\u00e5 under sina omfattande och osystematiska universitetsstudier var det studierna i filosofi(!) som han har haft st\u00f6rst nytta av under sin karri\u00e4r i finansv\u00e4rlden. F\u00f6r egen del \u00e4r jag inte s\u00e4rskilt f\u00f6rv\u00e5nad: en av de skarpaste analytiska f\u00f6rm\u00e5gorna jag hade f\u00f6rm\u00e5nen att tr\u00e4ffa under min korta men relativt \u00e4rorika karri\u00e4r i bankv\u00e4rlden hade en universitetsexamen i &#8211; engelsk litteraturhistoria!<\/p>\n<p>F\u00f6r det andra f\u00f6r\u00e4ndras ekonomin, och med den arbetsmarknaden, snabbare \u00e4n n\u00e5gonsin tidigare, och allting tyder p\u00e5 att f\u00f6r\u00e4ndringstakten kommer att accelerera snarare \u00e4n\u00a0 avta. D\u00e4rmed har det blivit allt sv\u00e5rare att f\u00f6rutse hur efterfr\u00e5gan p\u00e5 olika typer av arbetskraft kommer att f\u00f6r\u00e4ndras bara p\u00e5 n\u00e5gra \u00e5rs sikt. Mot den bakgrunden verkar det direkt vanvettigt att f\u00f6rs\u00f6ka tvinga fram en sn\u00e4vare specialisering redan i gymnasiet, \u00e4ven f\u00f6r det h\u00f6gst osannolika fall att en majoritet av eleverna faktiskt vet vad de vill jobba med i framtiden.<\/p>\n<p>Arbetsmarknadens snabba och sv\u00e5rf\u00f6ruts\u00e4gbara f\u00f6r\u00e4ndringar kan naturligtvis vara problematiska ocks\u00e5 f\u00f6r en brett utbildad (och bildad) generalist. Den som vet n\u00e5got om allting torde \u00e4nd\u00e5 ha b\u00e4ttre f\u00f6ruts\u00e4ttningar att anpassa sig till arbetsmarknadens f\u00f6r\u00e4ndringar \u00e4n den som vet allt om n\u00e5got som inte l\u00e4ngre \u00e4r relevant.<\/p>\n","protected":false},"excerpt":{"rendered":"<p>Det ligger i tiden att betrakta \u00f6kad valfrihet som n\u00e5got odelat positivt. Som konsumenter skall vi ha obegr\u00e4nsad r\u00e4tt att v\u00e4lja de varor och tj\u00e4nster som b\u00e4st motsvarar v\u00e5ra personliga preferenser. Inom en n\u00e4ra framtid kommer vi med st\u00f6rsta sannolikhet ocks\u00e5 att kunna v\u00e4lja vilken h\u00e4lsocentral vi vill anlita f\u00f6r det fall att vi blir [&hellip;]<\/p>\n","protected":false},"author":369,"featured_media":1226,"comment_status":"open","ping_status":"open","sticky":false,"template":"","format":"standard","meta":{"footnotes":""},"categories":[146],"tags":[],"class_list":["post-1222","post","type-post","status-publish","format-standard","has-post-thumbnail","hentry","category-lindholm"],"_links":{"self":[{"href":"https:\/\/blogs.abo.fi\/forskarbloggen\/wp-json\/wp\/v2\/posts\/1222","targetHints":{"allow":["GET"]}}],"collection":[{"href":"https:\/\/blogs.abo.fi\/forskarbloggen\/wp-json\/wp\/v2\/posts"}],"about":[{"href":"https:\/\/blogs.abo.fi\/forskarbloggen\/wp-json\/wp\/v2\/types\/post"}],"author":[{"embeddable":true,"href":"https:\/\/blogs.abo.fi\/forskarbloggen\/wp-json\/wp\/v2\/users\/369"}],"replies":[{"embeddable":true,"href":"https:\/\/blogs.abo.fi\/forskarbloggen\/wp-json\/wp\/v2\/comments?post=1222"}],"version-history":[{"count":7,"href":"https:\/\/blogs.abo.fi\/forskarbloggen\/wp-json\/wp\/v2\/posts\/1222\/revisions"}],"predecessor-version":[{"id":1230,"href":"https:\/\/blogs.abo.fi\/forskarbloggen\/wp-json\/wp\/v2\/posts\/1222\/revisions\/1230"}],"wp:featuredmedia":[{"embeddable":true,"href":"https:\/\/blogs.abo.fi\/forskarbloggen\/wp-json\/wp\/v2\/media\/1226"}],"wp:attachment":[{"href":"https:\/\/blogs.abo.fi\/forskarbloggen\/wp-json\/wp\/v2\/media?parent=1222"}],"wp:term":[{"taxonomy":"category","embeddable":true,"href":"https:\/\/blogs.abo.fi\/forskarbloggen\/wp-json\/wp\/v2\/categories?post=1222"},{"taxonomy":"post_tag","embeddable":true,"href":"https:\/\/blogs.abo.fi\/forskarbloggen\/wp-json\/wp\/v2\/tags?post=1222"}],"curies":[{"name":"wp","href":"https:\/\/api.w.org\/{rel}","templated":true}]}}