{"id":1241,"date":"2013-12-02T23:09:02","date_gmt":"2013-12-02T20:09:02","guid":{"rendered":"http:\/\/blogs.abo.fi\/forskarbloggen\/?p=1241"},"modified":"2013-12-03T10:34:52","modified_gmt":"2013-12-03T07:34:52","slug":"dela-dela-dela-for-innovation","status":"publish","type":"post","link":"https:\/\/blogs.abo.fi\/forskarbloggen\/2013\/12\/02\/dela-dela-dela-for-innovation\/","title":{"rendered":"DELA DELA DELA f\u00f6r innovation!"},"content":{"rendered":"<p><a href=\"http:\/\/blogs.abo.fi\/forskarbloggen\/files\/ELD.png\"><img loading=\"lazy\" decoding=\"async\" class=\"alignleft size-medium wp-image-1242\" src=\"http:\/\/blogs.abo.fi\/forskarbloggen\/files\/ELD-300x178.png\" alt=\"\" width=\"300\" height=\"178\" srcset=\"https:\/\/blogs.abo.fi\/forskarbloggen\/files\/ELD-300x178.png 300w, https:\/\/blogs.abo.fi\/forskarbloggen\/files\/ELD.png 568w\" sizes=\"auto, (max-width: 300px) 100vw, 300px\" \/><\/a><\/p>\n<p>VERSION I<\/p>\n<p>Koncentrerat funderar jag p\u00e5 hur medvetna vi \u00e4r om det som vi observerar omkring oss och hur medvetna vi \u00e4r om n\u00e4r vi informerar omv\u00e4rlden om intryck och n\u00e4r v\u00e5r medvetenhet \u00f6verg\u00e5r i tolkande handlingar.<\/p>\n<p>Jag blir medveten om att blogginl\u00e4ggets titel \u00e4r som ett mantra. Mantrat<em> <\/em>leder antingen tankarna till det pris som innovation har eller det som g\u00e5r f\u00f6rlorat om innovation inte delas. Titeln kan givetvis<em> <\/em>ocks\u00e5 tolkas som en uppmaning till att lova och prisa innovation.\u00a0DELA DELA DELA handlar f\u00f6rst\u00e5s om att dela. I den virtuella v\u00e4rlden DELAR de flesta av oss n\u00e5got med andra dagligen. Men hur mycket delar vi med oss? Till exempel av m\u00f6jligheter till innovation?\u00a0DELA DELA DELA kunskap!\u00a0L\u00e4s mer i version V.<\/p>\n<p>VERSION II<\/p>\n<p>Teoretiker Benoit Godins beskrivning av innovation \u00e4r v\u00e4rd att notera i det h\u00e4r sammanhanget. Godin st\u00e4ller fr\u00e5gor om innovation p\u00e5 ett s\u00e4tt som jag anser \u00e4r relevant att sammankoppla med de tankem\u00f6nster som det h\u00e4r blogginl\u00e4gget utformas av. Godin intresserar sig f\u00f6r att unders\u00f6ka var id\u00e9n om innovation har sitt ursprung, varf\u00f6r innovationen i vardagligt tal \u00e4r teknologisk och hur det kommer sig att id\u00e9n om innovation ofta \u00e4r begr\u00e4nsad till att f\u00f6rst\u00e5s som kommersiell.\u00a0Jag kommer inte att p\u00e5 djupet referera Godins beskrivningar om innovation, men en tr\u00e5d f\u00f6ljer jag upp.<\/p>\n<p>I sitt working paper <em>Invention, Diffusion and Linear Models of Innovation <\/em>(2013)<strong> <\/strong>diskuterar Benoits tv\u00e5 teser.\u00a0Den ena tesen omfattar tolkningen att innovationen \u00e4r universell, att m\u00e4nniskan \u00e4r en innovat\u00f6r och kommer p\u00e5 n\u00e5got p\u00e5 samma s\u00e4tt v\u00e4rlden \u00f6ver. Den h\u00e4r tesen f\u00f6r fram att parallell innovation f\u00f6rekommer geografiskt och \u00f6ver tid samt att innovation blir till stegvis och hierarkiskt.<\/p>\n<p>Den andra tesen som Benoit diskuterar \u00e4r att m\u00e4nniskan i sj\u00e4lva verket inte \u00e4r en s\u00e5 p\u00e5hittig varelse som vi tror\u00a0<span style=\"text-decoration: line-through;\">(<\/span>Jfr\u00a0<em>non-inventive)<\/em> och att innovation handlar om att <em><strong>det nya<\/strong> <\/em>sprids och utvecklas genom utbytet av id\u00e9er, \u00f6ver kulturer och gemenskaper. \u00d6ver tid och \u00f6ver rum.\u00a0Som <strong>n\u00e4tverk <\/strong>tolkar jag. Som att DELA DELA DELA id\u00e9er! L\u00e4s mer i version V.<\/p>\n<p>VERSION III<\/p>\n<p>Bilden som inleder det h\u00e4r inl\u00e4gget \u00e4r tagen senaste vecka och handlar om att dela med sig. \u00a0Vi hade en liten festlig sammankomst med v\u00e5ningskollegerna. Det hela ordnades i bildkonstsalen, en f\u00f6rel\u00e4sningssal h\u00f6gt upp i Academill, precis under taknocken. I den h\u00e4r salen \u00e4r det h\u00f6gt till tak.<\/p>\n<p>Jag kunde inte l\u00e5ta bli att improvisera fram atmosf\u00e4r i salen inf\u00f6r festen.\u00a0Impulsen f\u00f6r improvisationen uppkom under dagen timmarna innan festen. Det bl\u00e5ste kraftigt fr\u00e5n nordv\u00e4st. Vinden l\u00e5g rakt p\u00e5 takpannorna ovanf\u00f6r salen. Det gnisslade, brakade och ven.<\/p>\n<p>N\u00e5gra av oss hj\u00e4lptes \u00e5t att improvisera och skapa atmosf\u00e4r inf\u00f6r festen. Festst\u00e4mningen under kv\u00e4llen ackompanjerades av en virtuell eld, en egen stj\u00e4rnhimmel inomhus och stormen som ven. F\u00f6r att skapa atmosf\u00e4r beh\u00f6vdes bland annat&#8230;<\/p>\n<p><a href=\"http:\/\/blogs.abo.fi\/forskarbloggen\/files\/Sk\u00e4rmavbild-2013-12-02-kl.-21.12.51.png\"><img loading=\"lazy\" decoding=\"async\" class=\"alignleft size-medium wp-image-1243\" src=\"http:\/\/blogs.abo.fi\/forskarbloggen\/files\/Sk\u00e4rmavbild-2013-12-02-kl.-21.12.51-206x300.png\" alt=\"\" width=\"206\" height=\"300\" srcset=\"https:\/\/blogs.abo.fi\/forskarbloggen\/files\/Sk\u00e4rmavbild-2013-12-02-kl.-21.12.51-206x300.png 206w, https:\/\/blogs.abo.fi\/forskarbloggen\/files\/Sk\u00e4rmavbild-2013-12-02-kl.-21.12.51.png 412w\" sizes=\"auto, (max-width: 206px) 100vw, 206px\" \/><\/a><a href=\"http:\/\/blogs.abo.fi\/forskarbloggen\/files\/Sk\u00e4rmavbild-2013-12-02-kl.-21.12.36.png\"><img loading=\"lazy\" decoding=\"async\" class=\"alignleft size-medium wp-image-1244\" src=\"http:\/\/blogs.abo.fi\/forskarbloggen\/files\/Sk\u00e4rmavbild-2013-12-02-kl.-21.12.36-219x300.png\" alt=\"\" width=\"219\" height=\"300\" srcset=\"https:\/\/blogs.abo.fi\/forskarbloggen\/files\/Sk\u00e4rmavbild-2013-12-02-kl.-21.12.36-219x300.png 219w, https:\/\/blogs.abo.fi\/forskarbloggen\/files\/Sk\u00e4rmavbild-2013-12-02-kl.-21.12.36.png 377w\" sizes=\"auto, (max-width: 219px) 100vw, 219px\" \/><\/a><a href=\"http:\/\/blogs.abo.fi\/forskarbloggen\/files\/Sk\u00e4rmavbild-2013-12-02-kl.-21.12.08.png\"><img loading=\"lazy\" decoding=\"async\" class=\"alignleft size-medium wp-image-1245\" src=\"http:\/\/blogs.abo.fi\/forskarbloggen\/files\/Sk\u00e4rmavbild-2013-12-02-kl.-21.12.08-300x210.png\" alt=\"\" width=\"300\" height=\"210\" srcset=\"https:\/\/blogs.abo.fi\/forskarbloggen\/files\/Sk\u00e4rmavbild-2013-12-02-kl.-21.12.08-300x210.png 300w, https:\/\/blogs.abo.fi\/forskarbloggen\/files\/Sk\u00e4rmavbild-2013-12-02-kl.-21.12.08.png 728w\" sizes=\"auto, (max-width: 300px) 100vw, 300px\" \/><\/a><\/p>\n<p>&#8230;och ett perforerat pappersark f\u00f6r stj\u00e4rnhimlen.<\/p>\n<p>Att skapa stort med sm\u00e5 medel \u00e4r en form av h\u00e5llbar innovation. Improvisation handlar om att med spontanitet och intuition som medel gestalta n\u00e5got ov\u00e4ntat. Den som improviserar har kunskap och kompetens om hur man omformar n\u00e5gon form av retning eller impuls i ett sammanhang till aktion som leder till reaktion. D\u00e5 man improviserar fram en atmosf\u00e4r med s\u00e5 starka element som vind (storm), eld och en stj\u00e4rnhimmel m\u00e5ste man r\u00e4kna med att det ber\u00f6r oss. P\u00e5 flera plan, det personliga, \u00a0det universella och i olika riktningar. I r\u00e4tt sammanhang kan improvisation leda till innovation. DELA DELA DELA erfarenheter! L\u00e4s mer i version V.<\/p>\n<p><span style=\"text-decoration: line-through;\"> <\/span><\/p>\n<p>VERSION IV<\/p>\n<p>I pdf filen (l\u00e4nk i VERSION V)\u00a0<em>Dialog &#8211; Tema innovation<\/em> fr\u00e5gar Peter Hanke \u201d Hvor er rollemodellerne i fornyelsen af akademisk l\u00e6ringskultur? <em>\u201d<\/em> I samma fil kan man l\u00e4sa Karen Bryggmans gestaltning av kreativitet och innovation ur ett samtida perspektiv. S\u00e5 m\u00e5nga ing\u00e5ngar. Jag konstaterar: \u00a0innovation ligger n\u00e4ra improvisation, intuition, inspiration och intervention. Det \u00e4r n\u00e5got att ta i beaktande &#8211; i ett annat sammanhang. Jag vill avsluta med vi kan DELA DELA DELA med oss!<\/p>\n<p>VERSION V \u00a0nedladdad 1.12 2012<\/p>\n<p><a href=\"http:\/\/thefutureofinnovation.org\/contributions\/view\/564\/the_future_of_innovation_serves_humanity_before_economy%A0\" target=\"_blank\">http:\/\/thefutureofinnovation.org\/contributions\/view\/564\/the_future_of_innovation_serves_humanity_before_economy%A0<\/a><\/p>\n<p><a href=\"http:\/\/www.csiic.ca\/PDF\/AnthropologyPaper15.pdf\" target=\"_blank\">http:\/\/www.csiic.ca\/PDF\/AnthropologyPaper15.pdf<\/a><\/p>\n<p><a href=\"http:\/\/www.nordvux.net\/download\/7130\/dialog_innovation_web.pdf\" target=\"_blank\">http:\/\/www.nordvux.net\/download\/7130\/dialog_innovation_web.pdf<\/a><\/p>\n","protected":false},"excerpt":{"rendered":"<p>VERSION I Koncentrerat funderar jag p\u00e5 hur medvetna vi \u00e4r om det som vi observerar omkring oss och hur medvetna vi \u00e4r om n\u00e4r vi informerar omv\u00e4rlden om intryck och n\u00e4r v\u00e5r medvetenhet \u00f6verg\u00e5r i tolkande handlingar. Jag blir medveten om att blogginl\u00e4ggets titel \u00e4r som ett mantra. Mantrat leder antingen tankarna till det pris [&hellip;]<\/p>\n","protected":false},"author":365,"featured_media":0,"comment_status":"open","ping_status":"open","sticky":false,"template":"","format":"standard","meta":{"footnotes":""},"categories":[145],"tags":[],"class_list":["post-1241","post","type-post","status-publish","format-standard","hentry","category-kaihovirta"],"_links":{"self":[{"href":"https:\/\/blogs.abo.fi\/forskarbloggen\/wp-json\/wp\/v2\/posts\/1241","targetHints":{"allow":["GET"]}}],"collection":[{"href":"https:\/\/blogs.abo.fi\/forskarbloggen\/wp-json\/wp\/v2\/posts"}],"about":[{"href":"https:\/\/blogs.abo.fi\/forskarbloggen\/wp-json\/wp\/v2\/types\/post"}],"author":[{"embeddable":true,"href":"https:\/\/blogs.abo.fi\/forskarbloggen\/wp-json\/wp\/v2\/users\/365"}],"replies":[{"embeddable":true,"href":"https:\/\/blogs.abo.fi\/forskarbloggen\/wp-json\/wp\/v2\/comments?post=1241"}],"version-history":[{"count":14,"href":"https:\/\/blogs.abo.fi\/forskarbloggen\/wp-json\/wp\/v2\/posts\/1241\/revisions"}],"predecessor-version":[{"id":1260,"href":"https:\/\/blogs.abo.fi\/forskarbloggen\/wp-json\/wp\/v2\/posts\/1241\/revisions\/1260"}],"wp:attachment":[{"href":"https:\/\/blogs.abo.fi\/forskarbloggen\/wp-json\/wp\/v2\/media?parent=1241"}],"wp:term":[{"taxonomy":"category","embeddable":true,"href":"https:\/\/blogs.abo.fi\/forskarbloggen\/wp-json\/wp\/v2\/categories?post=1241"},{"taxonomy":"post_tag","embeddable":true,"href":"https:\/\/blogs.abo.fi\/forskarbloggen\/wp-json\/wp\/v2\/tags?post=1241"}],"curies":[{"name":"wp","href":"https:\/\/api.w.org\/{rel}","templated":true}]}}