{"id":1268,"date":"2013-12-17T00:44:38","date_gmt":"2013-12-16T21:44:38","guid":{"rendered":"http:\/\/blogs.abo.fi\/forskarbloggen\/?p=1268"},"modified":"2014-02-18T13:38:16","modified_gmt":"2014-02-18T10:38:16","slug":"varlden-skall-an-en-gang-bli-fardig","status":"publish","type":"post","link":"https:\/\/blogs.abo.fi\/forskarbloggen\/2013\/12\/17\/varlden-skall-an-en-gang-bli-fardig\/","title":{"rendered":"V\u00e4rlden skall &#8211; \u00e4n en g\u00e5ng &#8211; bli f\u00e4rdig"},"content":{"rendered":"<p><img loading=\"lazy\" decoding=\"async\" class=\"alignleft size-full wp-image-1114\" title=\"Mattila\" alt=\"Johanna Mattila\" src=\"http:\/\/blogs.abo.fi\/forskarbloggen\/files\/Mattila.jpg\" width=\"170\" height=\"220\" \/>Det finns tv\u00e5 definitiva deadlines per \u00e5r \u2013 en faller kring midsommaren och den andra just f\u00f6re julen. Klart att det finns otaliga andra mera eller mindre viktiga deadlines l\u00e4ngs med \u00e5ret n\u00e4r en projektans\u00f6kan skall inl\u00e4mnas, ett finansierat projekt skall rapporteras, ett manuskript inl\u00e4mnas f\u00f6r att inte tala om de \u00e4nnu mera frekventa deadlines kring administrationen: reser\u00e4kningar, rapportering av arbetstid, osv. , men dessa tv\u00e5 \u00e4r p\u00e5 n\u00e5got s\u00e4tt mycket st\u00f6rre och mera \u00f6vergripande.<\/p>\n<p>De flesta av oss\u00a0g\u00f6r s\u00e4kert olika listor p\u00e5 papper i eller bara i minnet p\u00e5 saker som skall klarg\u00f6ras, redovisas och slutf\u00f6ras inf\u00f6r \u00e5rets st\u00f6rsta festperioder, jul och sommar, infaller. Jag g\u00f6r detsamma och tycker att mina att g\u00f6ras-listor oftast \u00e4r r\u00e4tt \u00f6verkomliga tills jag drabbas av andras listor som p\u00e5 ett eller annat s\u00e4tt inbegriper mig ocks\u00e5. I samma tider just f\u00f6re mina deadlines b\u00f6rjar det n\u00e4mligen droppa eller rent av forsa in en massa oplanerade arbetsuppgifter fr\u00e5n andra h\u00e5ll: en p\u00e5minnelse fr\u00e5n administrationen om tidigare lagd deadline p\u00e5 reportronic, f\u00f6rfr\u00e5gningar om projektstatus (Skall projekt st\u00e4ngas eller inte vid \u00e5rsskiftet? \u00c4r projektekonomin i balans?), sista minutens planeringsm\u00f6ten inf\u00f6r \u00e5rsskiftet\/semesterperioden, inl\u00e4mning av en graduavhandling (som jag i sj\u00e4lva verket har v\u00e4ntat p\u00e5 mer \u00e4n ett \u00e5r) med \u00f6nskan om snabba kommentarer f\u00f6re \u00e5rsskiftet\/ sommaren, en p\u00e5minnelse om en f\u00f6rsenad utv\u00e4rdering av ett manuskript (som jag saligen har gl\u00f6mt), f\u00f6rslag p\u00e5 m\u00f6testider f\u00f6r n\u00e4sta halv\u00e5r, &#8230; De h\u00e4r oplanerade men lika s\u00e4kert indroppande uppgifterna f\u00e5r minneslistan att v\u00e4xa i l\u00e4ngd och stressniv\u00e5n att h\u00f6jas, ibland till den niv\u00e5n att natts\u00f6mnen st\u00f6rs. Visserligen g\u00f6r jag s\u00e4kert detsamma \u00e5t andras listor och sinnesfrid, eftersom jag kan kruxa av en ogjord uppgift fr\u00e5n min lista genast efter att jag har skickat olika utmaningar och f\u00f6rfr\u00e5gningar till n\u00e5gon kollega eller studerande.<\/p>\n<p>Det \u00e4r som om jul och midsommar skulle vara de sista stunderna att fixa alla \u201dd\u00e5liga samveten\u201d och samtidigt fullborda v\u00e4rlden f\u00f6r att den inte skall g\u00e5 under medan vi tar ledigt. Vi tycks ha ett gemensamt behov att st\u00e4da bordet s\u00e5 att vi i lugn och ro kan fira jul eller semester. Det \u00e4r s\u00e4kert nyttigt att med j\u00e4mna mellanrum g\u00f6ra en storst\u00e4dning p\u00e5 sitt arbetsbord eller snarare p\u00e5 datorn f\u00f6r att bli av med en hel del mer eller mindre viktiga saker och slutf\u00f6ra olika uppgifter. Det d\u00e5liga \u00e4r f\u00f6rst\u00e5s den extra stress vi skapar \u00e5t oss sj\u00e4lva inf\u00f6r de l\u00e4ngtade viloperioderna. M\u00e5nne h\u00e4r ocks\u00e5 finns en orsak till varf\u00f6r h\u00f6gtider och semestrar kan skapa problem hos familjer? Det blir en allt f\u00f6r stor kontrast n\u00e4r vi fr\u00e5n en h\u00f6g stressniv\u00e5, i praktiken \u00f6ver en natt, f\u00f6rv\u00e4ntas omvandlas till lugna semesterfirare som har det trevligt hemma med de n\u00e4ra och k\u00e4ra.<\/p>\n<p>Jag l\u00e4ste nyss i n\u00e5gon m\u00e5 bra -tidning att m\u00e4nniskan \u00e4r av naturen lat. Enligt artikeln borde vi unna oss oftare att vara lata, eftersom det \u00e4r nyttigt f\u00f6r h\u00e4lsan. Synd bara att det h\u00e4r r\u00e5det passar s\u00e5 illa i en hektisk forskarv\u00e4rld d\u00e4r det st\u00f6rsta skrytet tycks vara hur mycket man jobbar och hur lite man h\u00e5ller semester. Det h\u00e4nder s\u00e5 mycket inom v\u00e5ra forskningsf\u00e4lt att det \u00e4r l\u00e4tt att sugas in i k\u00e4nslan att man egentligen borde orka jobba 24\/7 f\u00f6r att \u00f6verhuvudtaget h\u00e4nga med i tiden och vara konkurrenskraftig. \u00c5 andra sidan l\u00e4r det vara s\u00e5 ocks\u00e5 att endast en utvilad hj\u00e4rna \u00e4r kreativ och kommer p\u00e5 nya id\u00e9er som i forskningen \u00e4r livsviktiga. Kanske det skulle vara nyttigare \u00e4n uppr\u00e4tth\u00e5llande av alla kom ih\u00e5g-listor att inf\u00f6r ferier i st\u00e4llet minska p\u00e5 arbetstakten och ge rum f\u00f6r kreativitet och udda id\u00e9er som under julhelgerna kunde mogna till framg\u00e5ngsrika forskningsfr\u00e5gor. D\u00e5 skulle vi kanske f\u00f6rbereda rum f\u00f6r andras kreativitet och \u00e4ven sannare julfrid hemma under helgerna.<\/p>\n<p>Det \u00e4r s\u00e4llan jag har lyckats kruxa av alla ogjorda saker fr\u00e5n min kom ih\u00e5g-minneslapp innan det \u00e4r dags att sista g\u00e5ngen sl\u00e4cka ljuset i arbetsrummet f\u00f6re julafton. Vad h\u00e4nder sen? Jo, jag skrynklar ihop lappen med alla fullbordade och ofullbordade arbetsuppgifterna och kastar bort den. Det tr\u00f6sterika \u00e4r att trots detta har v\u00e4rlden hittills inte g\u00e5tt under en endaste g\u00e5ng. Visserligen har vissa av de ogjorda sakerna kommit emot mig igen efter ferien, men glatt nog har vissa tydligen bara f\u00f6rsvunnit fr\u00e5n v\u00e4rldskartan (l\u00e4s: dessa saker skulle ha varit helt on\u00f6diga att stressa med fr\u00e5n f\u00f6rsta b\u00f6rjan). Kanske jag i \u00e5r kunde skriva en lite kortade lista \u00e5t mig sj\u00e4lv och belasta mina kolleger och andra med n\u00e5gra f\u00e4rre uppgifter under den h\u00e4r veckan \u00e4n vad jag ursprungligen planerade. Det blir s\u00e4kert bra \u00e4ven om en del saker fullbordas f\u00f6rst p\u00e5 n\u00e4sta \u00e5rs sida. V\u00e4rlden blir \u00e4nd\u00e5 inte f\u00e4rdig, och beh\u00f6ver inte heller bli det, den h\u00e4r veckan.<\/p>\n<p>Mycket avslappnande och sk\u00f6n jul till alla!<\/p>\n","protected":false},"excerpt":{"rendered":"<p>Det finns tv\u00e5 definitiva deadlines per \u00e5r \u2013 en faller kring midsommaren och den andra just f\u00f6re julen. Klart att det finns otaliga andra mera eller mindre viktiga deadlines l\u00e4ngs med \u00e5ret n\u00e4r en projektans\u00f6kan skall inl\u00e4mnas, ett finansierat projekt skall rapporteras, ett manuskript inl\u00e4mnas f\u00f6r att inte tala om de \u00e4nnu mera frekventa deadlines [&hellip;]<\/p>\n","protected":false},"author":368,"featured_media":0,"comment_status":"open","ping_status":"open","sticky":false,"template":"","format":"standard","meta":{"footnotes":""},"categories":[147],"tags":[166,164,165,110],"class_list":["post-1268","post","type-post","status-publish","format-standard","hentry","category-mattila","tag-deadline","tag-jul","tag-kreativitet","tag-stress"],"_links":{"self":[{"href":"https:\/\/blogs.abo.fi\/forskarbloggen\/wp-json\/wp\/v2\/posts\/1268","targetHints":{"allow":["GET"]}}],"collection":[{"href":"https:\/\/blogs.abo.fi\/forskarbloggen\/wp-json\/wp\/v2\/posts"}],"about":[{"href":"https:\/\/blogs.abo.fi\/forskarbloggen\/wp-json\/wp\/v2\/types\/post"}],"author":[{"embeddable":true,"href":"https:\/\/blogs.abo.fi\/forskarbloggen\/wp-json\/wp\/v2\/users\/368"}],"replies":[{"embeddable":true,"href":"https:\/\/blogs.abo.fi\/forskarbloggen\/wp-json\/wp\/v2\/comments?post=1268"}],"version-history":[{"count":6,"href":"https:\/\/blogs.abo.fi\/forskarbloggen\/wp-json\/wp\/v2\/posts\/1268\/revisions"}],"predecessor-version":[{"id":1334,"href":"https:\/\/blogs.abo.fi\/forskarbloggen\/wp-json\/wp\/v2\/posts\/1268\/revisions\/1334"}],"wp:attachment":[{"href":"https:\/\/blogs.abo.fi\/forskarbloggen\/wp-json\/wp\/v2\/media?parent=1268"}],"wp:term":[{"taxonomy":"category","embeddable":true,"href":"https:\/\/blogs.abo.fi\/forskarbloggen\/wp-json\/wp\/v2\/categories?post=1268"},{"taxonomy":"post_tag","embeddable":true,"href":"https:\/\/blogs.abo.fi\/forskarbloggen\/wp-json\/wp\/v2\/tags?post=1268"}],"curies":[{"name":"wp","href":"https:\/\/api.w.org\/{rel}","templated":true}]}}