{"id":1275,"date":"2014-01-13T09:00:52","date_gmt":"2014-01-13T06:00:52","guid":{"rendered":"http:\/\/blogs.abo.fi\/forskarbloggen\/?p=1275"},"modified":"2014-01-13T13:46:15","modified_gmt":"2014-01-13T10:46:15","slug":"makten-ar-min","status":"publish","type":"post","link":"https:\/\/blogs.abo.fi\/forskarbloggen\/2014\/01\/13\/makten-ar-min\/","title":{"rendered":"Makten \u00e4r min"},"content":{"rendered":"<p><img loading=\"lazy\" decoding=\"async\" class=\"alignleft size-full wp-image-1110\" alt=\"Birgitta Wahlberg\" src=\"http:\/\/blogs.abo.fi\/forskarbloggen\/files\/Wahlberg_blogg.jpg\" width=\"170\" height=\"220\" \/>\u00c4ven om Leonardo da Vinci beskrev redan p\u00e5 1400-talet m\u00e4nniskans mun som djurens grav blev djur produktionsmedel i m\u00e4nniskans h\u00e4nder f\u00f6rst p\u00e5 1800-talet. Betr\u00e4ffande djur (exl. arten <i>homo sapiens<\/i>) och djurh\u00e5llning h\u00f6r man ofta hur mycket b\u00e4ttre djuren har det idag j\u00e4mf\u00f6rt med f\u00f6rr. S\u00e5 svart och vitt \u00e4r det dock inte. Vissa djur har det b\u00e4ttre, andra s\u00e4mre. Man kan s\u00e4ga att lidandet som m\u00e4nniskan p\u00e5f\u00f6r djur har omstrukturerats b\u00e5de i v\u00e5ra handlingar och i lagstiftningen.<\/p>\n<p>M\u00e4nniskan har i \u00e5rtusenden funderat \u00f6ver sitt f\u00f6rh\u00e5llande till djuren, men djurriket har aldrig f\u00f6rr varit b\u00e5de s\u00e5 f\u00f6rslavat och (miss)brukat som det \u00e4r idag. Vi har till exempel aldrig f\u00f6rr d\u00f6dat, slaktat och anv\u00e4nt s\u00e5dana m\u00e4ngder djur som vi g\u00f6r nu. Som exempel hade i oktober 2013 enbart 55\u00a0435\u00a0813 \u201dproduktionsdjur\u201d slaktats i Finland (TIKE). Detta betyder p\u00e5 dagsbasis att \u00f6ver 200\u00a0000 djur slaktas (veckoslut och helgdagar uteslutna i ber\u00e4kningen) f\u00f6r v\u00e5ra smakl\u00f6kar och kulinariska vanor.<\/p>\n<p>Samtidigt som vi anv\u00e4nder djur som aldrig f\u00f6rr har vi har mera lagstiftning \u00e4n n\u00e5gonsin som omfattar skydd av djur. Tyv\u00e4rr har man dock kunnat p\u00e5visa att den sk.\u201dv\u00e4lf\u00e4rdslagstiftningen\u201d (animal welfare laws) som \u00e4ven den finska djurskyddslagstiftningen \u00e4r ett uttryck f\u00f6r, inte effektivt skyddar djur i praktiken.<\/p>\n<p>Historiker Hannele Klemettil\u00e4 har beskrivit i sin bok <i>Federigon haukka ja muita keskiajan el\u00e4imi\u00e4 <\/i>(Atena 2013) p\u00e5 ett belysande s\u00e4tt m\u00e4nniskans f\u00f6rh\u00e5llningss\u00e4tt \u00f6ver tid betr\u00e4ffande de vanligaste husdjuren, de djur som vi \u00e4ter och de vi b\u00e4var f\u00f6r bland annat i f\u00f6rh\u00e5llande till jakt, religion och etik. Hon p\u00e5visar att vi lever de dystraste tiderna i v\u00e5r gemensamma historia \u00e4ven om vi som m\u00e4nniskor numera har st\u00f6rre f\u00f6rst\u00e5else f\u00f6r och (vetenskaplig-) kunskap om djurens lidanden och sm\u00e4rtupplevelser. F\u00f6runderligt nog hindrar varken f\u00f6rst\u00e5elsen eller kunskapen majoriteten av befolkningen ifr\u00e5n att d\u00f6da, slakta och anv\u00e4nda djur som aldrig f\u00f6rr. V\u00e5ra r\u00e4dslor f\u00f6r vissa djurarter har \u00e4ven f\u00f6r\u00e4ndrats otroligt lite \u00f6ver tid.<\/p>\n<p>Den h\u00e4r motstridigheten i m\u00e4nniskans beteende har m\u00e5nga g\u00e5nger upptagit mina tankar, utan att jag kunnat hitta n\u00e5gon h\u00e5llbar f\u00f6rklaring eller f\u00f6rst\u00e5else f\u00f6r sj\u00e4lva motstridigheten. Likav\u00e4l tycks b\u00e5de fr\u00e5gan och svaret ligga i v\u00e5ra egna h\u00e4nder. F\u00f6renklat inneb\u00e4r detta givetvis att <i>jag <\/i>beslutar vad <i>jag<\/i> \u00e4r med om att d\u00f6da (direkt eller indirekt), slakta (direkt eller indirekt) eller anv\u00e4nda i djurv\u00e4g. Makten, ansvaret och valet av mina handlingar \u00e4r mitt \u2013 inte politikers, lagstiftarens eller grannens \u2013 och dessa f\u00f6r jag vidare till kommande generationer.<\/p>\n<p>Leonardo da Vinci var sin tids mest k\u00e4nda vegetarian. Det \u00e4r ocks\u00e5 nu \u2013 under min levnadstid \u2013 som jag v\u00e4ljer till vilka jag h\u00f6r d\u00e5 de kommande generationerna bed\u00f6mer de handlingar som gjorts idag. V\u00e4rlden har f\u00f6r\u00e4ndrats d\u00e5 individer g\u00e5tt emot majoritetens grymheter.<\/p>\n","protected":false},"excerpt":{"rendered":"<p>\u00c4ven om Leonardo da Vinci beskrev redan p\u00e5 1400-talet m\u00e4nniskans mun som djurens grav blev djur produktionsmedel i m\u00e4nniskans h\u00e4nder f\u00f6rst p\u00e5 1800-talet. Betr\u00e4ffande djur (exl. arten homo sapiens) och djurh\u00e5llning h\u00f6r man ofta hur mycket b\u00e4ttre djuren har det idag j\u00e4mf\u00f6rt med f\u00f6rr. S\u00e5 svart och vitt \u00e4r det dock inte. Vissa djur har [&hellip;]<\/p>\n","protected":false},"author":373,"featured_media":0,"comment_status":"open","ping_status":"open","sticky":false,"template":"","format":"standard","meta":{"footnotes":""},"categories":[148],"tags":[157,158,167],"class_list":["post-1275","post","type-post","status-publish","format-standard","hentry","category-wahlberg","tag-djur","tag-djurskyddslagstiftning","tag-produktionsdjur"],"_links":{"self":[{"href":"https:\/\/blogs.abo.fi\/forskarbloggen\/wp-json\/wp\/v2\/posts\/1275","targetHints":{"allow":["GET"]}}],"collection":[{"href":"https:\/\/blogs.abo.fi\/forskarbloggen\/wp-json\/wp\/v2\/posts"}],"about":[{"href":"https:\/\/blogs.abo.fi\/forskarbloggen\/wp-json\/wp\/v2\/types\/post"}],"author":[{"embeddable":true,"href":"https:\/\/blogs.abo.fi\/forskarbloggen\/wp-json\/wp\/v2\/users\/373"}],"replies":[{"embeddable":true,"href":"https:\/\/blogs.abo.fi\/forskarbloggen\/wp-json\/wp\/v2\/comments?post=1275"}],"version-history":[{"count":1,"href":"https:\/\/blogs.abo.fi\/forskarbloggen\/wp-json\/wp\/v2\/posts\/1275\/revisions"}],"predecessor-version":[{"id":1276,"href":"https:\/\/blogs.abo.fi\/forskarbloggen\/wp-json\/wp\/v2\/posts\/1275\/revisions\/1276"}],"wp:attachment":[{"href":"https:\/\/blogs.abo.fi\/forskarbloggen\/wp-json\/wp\/v2\/media?parent=1275"}],"wp:term":[{"taxonomy":"category","embeddable":true,"href":"https:\/\/blogs.abo.fi\/forskarbloggen\/wp-json\/wp\/v2\/categories?post=1275"},{"taxonomy":"post_tag","embeddable":true,"href":"https:\/\/blogs.abo.fi\/forskarbloggen\/wp-json\/wp\/v2\/tags?post=1275"}],"curies":[{"name":"wp","href":"https:\/\/api.w.org\/{rel}","templated":true}]}}