{"id":1376,"date":"2014-03-20T19:23:49","date_gmt":"2014-03-20T16:23:49","guid":{"rendered":"http:\/\/blogs.abo.fi\/forskarbloggen\/?p=1376"},"modified":"2014-03-21T09:41:04","modified_gmt":"2014-03-21T06:41:04","slug":"foucaults-verktygslada-2","status":"publish","type":"post","link":"https:\/\/blogs.abo.fi\/forskarbloggen\/2014\/03\/20\/foucaults-verktygslada-2\/","title":{"rendered":"Foucaults verktygsl\u00e5da"},"content":{"rendered":"<p><img loading=\"lazy\" decoding=\"async\" class=\"alignleft size-full wp-image-1084\" alt=\"Hannah Kaihovirta-Rosvik\" src=\"http:\/\/blogs.abo.fi\/forskarbloggen\/files\/Kaihovirta-Rosvik.jpg\" width=\"170\" height=\"220\" \/>Kl. 07.32<\/p>\n<p>\u00c4ntligen \u00e5terv\u00e4nder ljuset till de h\u00e4r breddgraderna, det \u00e4r dags f\u00f6r \u00f6gonblicket, v\u00e5rdagj\u00e4mningen! I backspegeln blev den h\u00e4r vintern en annorlunda tid av arbete \u00e4n v\u00e4ntat &#8211; och \u00e4nd\u00e5 inte. Vid inledningen i september hade inte medvetenheten om att det kommande l\u00e4s\u00e5ret 2013-2014 vid \u00c5bo Akademi skulle handla om strukturomvandlingar i s\u00e5 stor utstr\u00e4ckning som det gjort sjunkit in i mitt vetande. S\u00e5 h\u00e4r i efterhand t\u00e4nker jag att intuitivt har jag anv\u00e4nt mig av strategier om vetenskaplig medvetenhet f\u00f6r att kontinuerligt spegla strukturomvandlingens inverkan p\u00e5 arbetets vardagshandlingar.<\/p>\n<p>Under vintern har jag skapat mig en uppfattning om vetenskapens vetande p\u00e5 ett annat s\u00e4tt \u00e4n tidigare. Jag har haft m\u00f6jlighet att \u00e5terkommande v\u00e4nda mig till vetenskaplig litteratur f\u00f6r att begreppsligg\u00f6ra den verksamhet jag arbetar i och jag har f\u00e4st uppm\u00e4rksamhet vid nya tillv\u00e4gag\u00e5ngss\u00e4tt d\u00e5 jag ivrigt kl\u00e4ttrat upp p\u00e5 giganternas axlar.\u00a0Bland alla de klassiska titlar som legat framme i bokh\u00f6garna\u00a0s\u00e5 \u00e4r det en t\u00e4nkare och f\u00f6rfattare som f\u00e5ngat mitt intresse mer \u00e4n de andra; Michel Foucault. Redan titlarna p\u00e5 hans litteratur har gett uppslag f\u00f6r att gestalta strukturer och omvandlingar och deras inverkan p\u00e5 akademiskt arbete p\u00e5 ett synnerligen uppiggande s\u00e4tt.<\/p>\n<p>Kl. 9.33<\/p>\n<p>[<em>Jag beskriver mig inte som en Foucaultk\u00e4nnare, -analytiker eller \u2013ist. Jag l\u00e4ser hans texter av pur l\u00e4sgl\u00e4dje och som inspiration f\u00f6r att engagera mig i dynamiska tankem\u00f6nster.]<\/em><\/p>\n<p>N\u00e4sta dag klockan 12.14<\/p>\n<p>Min f\u00f6rsta medvetna l\u00e4sning av Michel Foucaults texter inf\u00f6ll i millennieskiftet. Det var publikationen <em>Vansinnets historia under den klassiska epoken<\/em> (1983) och det var v\u00e5rvinter. \u00a0Solen lyste in p\u00e5 bokbladen och dammkorn virvlade i rummet och f\u00f6rst\u00e4rkte medvetenheten om solstr\u00e5lens vinkel. Den l\u00e4sningen ringades in av mina f\u00f6rsta bekantskaper med <em>A Thousand Plateaus<\/em> (Deleuze &amp; Guattari, 1992) och Paul Ricoeurs filosofi. Jag t\u00e4nkte intensivt p\u00e5 diskurser, plat\u00e5er, rhizom, kluster, uppkopplingar och n\u00e4tverk. S\u00e5 h\u00e4r i efterhand kan kombinationen av l\u00e4sningar \u00f6verraska mig. Nu inser jag att jag s\u00f6kte begreppsligg\u00f6ra millennieskiftet som upplevelse i tid och rum.<\/p>\n<p>Dagen innan 13.02<\/p>\n<p>[<em>I ljuset av de \u00e5terl\u00e4sningar och nyl\u00e4sningar som den h\u00e4r vintern f\u00f6rt med sig framtr\u00e4der \u00e4ven en ny insikt om att det var det visuella i Foucaults ord som d\u00e5, s\u00e5 som nu i vinter, frestade och drog i mig. Michel Foucaults s\u00e4tt att skriva fram linjer, former, konturer, perspektiv, djupk\u00e4nsla, fasta kopplingar till verkligheten som inverkar p\u00e5 textens realism, hur objektet framtr\u00e4der, hur betydelser b\u00e4rs fram, deras f\u00f6rh\u00e5llande till varandra, f\u00f6rfattarens f\u00f6rh\u00e5llningss\u00e4tt och hur inneh\u00e5llet framtr\u00e4der skapade intensiva l\u00e4supplevelser som var i det n\u00e4rmaste tredimensionellt gestaltade<\/em>]<\/p>\n<p>Senare<\/p>\n<p>Jag har helt enkelt stigit in i Foucaults texter p\u00e5 samma s\u00e4tt som jag stiger in i konstn\u00e4rligt skapande. Tid och rum har f\u00f6rvandlades till flow och jag \u00e4r helt uppslukad av den fysiska n\u00e4rvaro som en text kan erbjuda. Foucaults texter griper tag i mig och jag befinner mig inuti textens landskap, en konkret upplevelse mitt i det abstrakta.<br \/>\nBeskrivningen av l\u00e4supplevelsen kan liknas vid en sk\u00f6nlitter\u00e4r l\u00e4supplevelse, men jag anv\u00e4nder en annan l\u00e4sstrategi. Jag l\u00e4ser med penna och skissbok till hands, jag ser p\u00e5 texterna i originalspr\u00e5k, kan ber\u00f6ras av originalspr\u00e5kets spr\u00e5kliga rytm och laborationer men s\u00f6ker greppa textens inneh\u00e5ll med svenska, finska och engelska \u00f6vers\u00e4ttningar till hands. Jag tecknar och antecknar.<\/p>\n<p>Just nu<\/p>\n<p>[Vansinnets historia <em>st\u00e5r och dammar. I st\u00e4llet \u00e4r det <\/em>Diskursernas kamp <em>(version 2008) och <\/em>\u00d6vervakning och straff <em>(version 2004) som pockar p\u00e5 uppm\u00e4rksamhet . Allra starkast \u00e4r det <\/em>Vetandets arkeologi <em>(version 2002) som p\u00e5tagligt inverkar p\u00e5 mitt arbete.<\/em>]<\/p>\n<p>Jag blir upprymd av hur l\u00e4sningen av <em>Vetandets arkeologi<\/em> engagerar. Pl\u00f6tsligt kan jag komma p\u00e5 mig sj\u00e4lv med att i en undervisningssituation eller vid ett m\u00f6te t\u00e4nka p\u00e5 hur man blir medveten om att till synes of\u00f6renliga delar formas utifr\u00e5n samma regler och utg\u00f6r en helhet p\u00e5 samma plan samtidigt som de \u00e4r varandras alternativ. Jag f\u00f6rs\u00f6ker f\u00f6rst\u00e5 det Foucault skriver om att en del av v\u00e5rt t\u00e4nkande kommer till uttryck som om vi var r\u00e4dda f\u00f6r att t\u00e4nka det ANDRA samtidigt som v\u00e5r egen tanke. Vad inneb\u00e4r den tanken? Bloggens inl\u00e4gg utformas mitt i \u00f6verf\u00f6ringsarbetet och reflektionen.<\/p>\n<p>I f\u00f6rordet till den svenska upplagan av <em>Vetandets arkeologi<\/em> (2002) pekar Bengt Ole Bengtsson p\u00e5 att Michel Foucault g\u00e4rna beskriver sina texter som intellektuella verktygsl\u00e5dor. Jag f\u00f6rest\u00e4ller mig att det n\u00e5gonstans i verktygsl\u00e5dorna finns begrepp och intellektuella verktyg d\u00e4r strukturomvandlingar och vardagshandlingar utg\u00f6r en helhet d\u00e4r vetenskaplig medvetenhet och vetande ger utrymme f\u00f6r att alltid inspireras av alternativ. Jag menar; hur kan det komma sig att jag tar mig ur ett textlandskap och kommer fram till en verktygsl\u00e5da. Det t\u00e5l att t\u00e4nkas p\u00e5.<\/p>\n<div id=\"attachment_1374\" style=\"width: 310px\" class=\"wp-caption alignright\"><a href=\"http:\/\/blogs.abo.fi\/forskarbloggen\/files\/Sk\u00e4rmavbild-2014-03-20-kl.-17.08.43.png\"><img loading=\"lazy\" decoding=\"async\" aria-describedby=\"caption-attachment-1374\" class=\"size-medium wp-image-1374 \" alt=\"Grand Bassin Rond i Jardin de Tuileries, Paris\" src=\"http:\/\/blogs.abo.fi\/forskarbloggen\/files\/Sk\u00e4rmavbild-2014-03-20-kl.-17.08.43-300x203.png\" width=\"300\" height=\"203\" srcset=\"https:\/\/blogs.abo.fi\/forskarbloggen\/files\/Sk\u00e4rmavbild-2014-03-20-kl.-17.08.43-300x203.png 300w, https:\/\/blogs.abo.fi\/forskarbloggen\/files\/Sk\u00e4rmavbild-2014-03-20-kl.-17.08.43.png 619w\" sizes=\"auto, (max-width: 300px) 100vw, 300px\" \/><\/a><p id=\"caption-attachment-1374\" class=\"wp-caption-text\">\u00c4r det h\u00e4r klotet d\u00e4r ljuset reflekteras en del av Foucaults pendel? Min undran vid Grand Bassin Rond i Jardin de Tuileries. Paris januari 2014.<\/p><\/div>\n<p>Till sist<\/p>\n<p>Foucaults pendel \u00e4r n\u00e5got annat \u00e4n den h\u00e4r betraktelsen kring min l\u00e4sning av Michel Foucault. Men en v\u00e4g i de rhizom och kluster av associationsm\u00f6nster som namnet v\u00e4cker leder till pendeln. Pendeln som inte endast sv\u00e4nger fram och tillbaka utan tecknar fram en st\u00f6rre r\u00f6relse.<\/p>\n","protected":false},"excerpt":{"rendered":"<p>Kl. 07.32 \u00c4ntligen \u00e5terv\u00e4nder ljuset till de h\u00e4r breddgraderna, det \u00e4r dags f\u00f6r \u00f6gonblicket, v\u00e5rdagj\u00e4mningen! I backspegeln blev den h\u00e4r vintern en annorlunda tid av arbete \u00e4n v\u00e4ntat &#8211; och \u00e4nd\u00e5 inte. Vid inledningen i september hade inte medvetenheten om att det kommande l\u00e4s\u00e5ret 2013-2014 vid \u00c5bo Akademi skulle handla om strukturomvandlingar i s\u00e5 stor [&hellip;]<\/p>\n","protected":false},"author":365,"featured_media":0,"comment_status":"open","ping_status":"open","sticky":false,"template":"","format":"standard","meta":{"footnotes":""},"categories":[145],"tags":[179,178],"class_list":["post-1376","post","type-post","status-publish","format-standard","hentry","category-kaihovirta","tag-michel-focault","tag-strukturomvandling"],"_links":{"self":[{"href":"https:\/\/blogs.abo.fi\/forskarbloggen\/wp-json\/wp\/v2\/posts\/1376","targetHints":{"allow":["GET"]}}],"collection":[{"href":"https:\/\/blogs.abo.fi\/forskarbloggen\/wp-json\/wp\/v2\/posts"}],"about":[{"href":"https:\/\/blogs.abo.fi\/forskarbloggen\/wp-json\/wp\/v2\/types\/post"}],"author":[{"embeddable":true,"href":"https:\/\/blogs.abo.fi\/forskarbloggen\/wp-json\/wp\/v2\/users\/365"}],"replies":[{"embeddable":true,"href":"https:\/\/blogs.abo.fi\/forskarbloggen\/wp-json\/wp\/v2\/comments?post=1376"}],"version-history":[{"count":10,"href":"https:\/\/blogs.abo.fi\/forskarbloggen\/wp-json\/wp\/v2\/posts\/1376\/revisions"}],"predecessor-version":[{"id":1388,"href":"https:\/\/blogs.abo.fi\/forskarbloggen\/wp-json\/wp\/v2\/posts\/1376\/revisions\/1388"}],"wp:attachment":[{"href":"https:\/\/blogs.abo.fi\/forskarbloggen\/wp-json\/wp\/v2\/media?parent=1376"}],"wp:term":[{"taxonomy":"category","embeddable":true,"href":"https:\/\/blogs.abo.fi\/forskarbloggen\/wp-json\/wp\/v2\/categories?post=1376"},{"taxonomy":"post_tag","embeddable":true,"href":"https:\/\/blogs.abo.fi\/forskarbloggen\/wp-json\/wp\/v2\/tags?post=1376"}],"curies":[{"name":"wp","href":"https:\/\/api.w.org\/{rel}","templated":true}]}}