{"id":1794,"date":"2015-04-04T14:25:34","date_gmt":"2015-04-04T11:25:34","guid":{"rendered":"http:\/\/blogs.abo.fi\/forskarbloggen\/?p=1794"},"modified":"2015-04-07T09:55:12","modified_gmt":"2015-04-07T06:55:12","slug":"en-resa-till-valencia-europeiskt-rektors-och-dekanustraff","status":"publish","type":"post","link":"https:\/\/blogs.abo.fi\/forskarbloggen\/2015\/04\/04\/en-resa-till-valencia-europeiskt-rektors-och-dekanustraff\/","title":{"rendered":"En resa till Valencia \u2013 europeisk rektors- och dekanustr\u00e4ff"},"content":{"rendered":"<p><img loading=\"lazy\" decoding=\"async\" class=\"alignleft size-full wp-image-12\" src=\"http:\/\/blogs.abo.fi\/forskarbloggen\/files\/Salmi_blogg.jpg\" alt=\"Tapio Salmi\" width=\"170\" height=\"220\" \/>Fakultetsr\u00e5dsm\u00f6tet som hade framskridit i god anda avslutades ungef\u00e4r klockan fyra p\u00e5 tisdag eftermiddag. Ett och annat skulle \u00e4nnu utr\u00e4ttas, s\u00e5 tillbaka till kontoret. Jag \u00f6ppnar e-posten \u2013 verkligen ett och annat ska utr\u00e4ttas, utredas och besvaras och (h\u00e4rligt!) vidarebefordras. Vi beh\u00f6ver inga chefer l\u00e4ngre; e-posten \u00e4r v\u00e5r diktator. Svarar du inte omedelbart \u00e4r du sl\u00f6, rinner din e-post \u00f6ver \u00e4r du nonchalant. Nu tar jag slutspurten: svar, kommentarer, order, varningar, tr\u00f6stande ord (man blir en terapeut utan formell kompetens). Urkund, Travel, Martti \u2013 jag kan det h\u00e4r, alla dessa mjukvaror med sina anv\u00e4ndarfientliga anv\u00e4ndargr\u00e4nsnitt. Endast egna r\u00e4kningar blir obetalda, men inget problem: det kommer en p\u00e5minnelse, i b\u00e4sta fall fr\u00e5n en inkasseringsbyr\u00e5.<\/p>\n<p>Tidigt p\u00e5 morgonen b\u00f6rjar en resa till Spanien, till Valencia, d\u00e4r europeiska rektorer och dekaner p\u00e5 teknikens omr\u00e5de ska tr\u00e4ffas. Temat ska vara ErasmusPlus-programmet och europeisk doktorsutbildning. Hoppas jag inte har gl\u00f6mt n\u00e5gonting; det h\u00e4nder ju l\u00e4tt f\u00f6re en resa. Pl\u00f6tsligt knackar en doktorand p\u00e5 d\u00f6rren. Ett rekommendationsbrev ska skrivas och ett konferensabstrakt ska f\u00f6rfattas, p\u00e5minner han mig artigt men beslutsamt. En n\u00e4rmare diskussion visar att ocks\u00e5 han \u00e4r p\u00e5 v\u00e4g n\u00e5gonstans s\u00e5 allt ska g\u00f6ras just nu, inte ens ASAP! Vi samarbetar v\u00e4l och allt blir gjort. Klockan b\u00f6rjar n\u00e4rma sig 24.00.<\/p>\n<p>Det \u00e4r dags att g\u00e5 hem och packa. Mycket beh\u00f6vs inte, f\u00f6r v\u00e5ren har kommit till Spanien, s\u00e5 tror jag, utan att konsultera v\u00e4derl\u00e4gsprognoser. Bussen till Helsingfors-Vanda flygf\u00e4lt startar kl. 02.00. Det blev en h\u00e4rlig arbetsdag igen, hinner jag t\u00e4nka och somnar omedelbart.<\/p>\n<p>&nbsp;<\/p>\n<p>I Valencia bl\u00e5ser v\u00e5rens varma vindar. Staden med r\u00f6tter fr\u00e5n romerska tider \u00e4r ett av Spaniens ledande industricentra och har ett stort tekniskt universitet Universidad Politecnica de Valencia (UPV). En typisk europeisk diskussion b\u00f6rjar i f\u00f6rel\u00e4sningssalen. Rubriken \u2019doktorsutbildning\u2019 v\u00e4cker genast protester. Kan man \u00f6verhuvudtaget prata om \u2019utbildning\u2019; det l\u00e5ter ju s\u00e5 amerikanskt. Vi ska inte heller tala om \u2019graduate schools\u2019, det \u00e4r ju en kopia fr\u00e5n USA! En kollega fr\u00e5n TU Delft argumenterar v\u00e4l: l\u00e5t oss \u00e4nd\u00e5 anv\u00e4nda detta begrepp, d\u00e5 f\u00f6rst\u00e5r \u00e4ven amerikanarna oss och d\u00e5 kan vi locka goda studenter fr\u00e5n Asien: i de snabbt utvecklande asiatiska l\u00e4nderna anv\u00e4nds amerikanska begrepp vad forskarutbildningen betr\u00e4ffar.<\/p>\n<p>Hur ska den europeiska doktorsutbildningen se ut i olika l\u00e4nder, ska den harmoniseras, kan den harmoniseras? Vi diskuterar ivrigt dagens utmaningar: krympande finansiering av doktorsprojekt \u2013 oftast garanteras endast en tre\u00e5rsfinansiering till doktorander. Olika (n\u00f6d)l\u00f6sningar till\u00e4mpas: regelm\u00e4ssig finansiering f\u00f6r tre \u00e5r, stipendier f\u00f6r det fj\u00e4rde \u00e5ret; 20%:s undervisningsplikt f\u00f6r doktorander, s\u00e5 att extra pengar kan f\u00f6rtj\u00e4nas. Till slut \u00e4r vi r\u00f6rande eniga: tre \u00e5r \u00e4r f\u00f6r de flesta studenterna en f\u00f6r kort tid att doktorera, i synnerhet om omfattande experimentell verksamhet ing\u00e5r i avhandlingsarbetet. Fyra \u00e5r \u00e4r realistiskt, om allt g\u00e5r bra.<\/p>\n<p>Ett intressant tema med en direkt koppling till doktorsprocessen \u00e4r publikationer. Vi drunknar i vetenskapliga artiklar, men m\u00e5nga av dem \u00e4r banala och\/eller inneh\u00e5ller fel, eftersom antalet forskare har \u00f6kat dramatiskt, nya l\u00e4nder med bristande vetenskaplig tradition har intr\u00e4tt arenan och principen \u2019publicera eller f\u00f6rg\u00e5\u2019 tvingar till h\u00f6g effektivitet. Dessa \u00e4r fakta som vi knappast kan p\u00e5verka, men det beh\u00f6vs mera koncentration och kritiskt t\u00e4nkande \u00e4n n\u00e5gonsin f\u00f6r att s\u00e5lla fram relevant information ur den bottenl\u00f6sa oceanen av vetenskapliga skrifter. Det \u00e4r intressant att notera att fr\u00e5gan upplevdes som synnerligen akut f\u00f6r tekniska vetenskaper \u2013 man kunde ju tro att v\u00e5rt vetenskapsomr\u00e5de enkelt kan granskas och tolkas, vad vetenskapliga artiklar betr\u00e4ffar. \u00a0\u2013 Tro inte p\u00e5 allt som skrivs, gav en \u00e4ldre kollega mig som r\u00e5d d\u00e5 jag b\u00f6rjade doktorera. Det \u00e4r klart att mera tr\u00e4ning i evaluering av vetenskapliga artiklar beh\u00f6vs, och denna tr\u00e4ning ska ing\u00e5 i doktorsutbildningen, nu och i framtiden.<\/p>\n<p>Vad v\u00e4ntas av en doktorand\/doktorand p\u00e5 teknikens omr\u00e5de? Jag sammanfattar n\u00e5gra resultat fr\u00e5n Valenciadiskussionen:<\/p>\n<p>&#8211; sj\u00e4lvst\u00e4ndigt vetenskapligt t\u00e4nkande<\/p>\n<p>&#8211; f\u00f6rm\u00e5ga att kritiskt analysera vetenskaplig litteratur<\/p>\n<p>&#8211; gedigna kunskaper p\u00e5 det egna vetenskapsomr\u00e5det<\/p>\n<p>&#8211; beh\u00e4rskande av vetenskapliga forskningsmetoder<\/p>\n<p>&#8211; yrkesskicklighet<\/p>\n<p>&#8211; samarbetsf\u00f6rm\u00e5ga och f\u00f6rm\u00e5ga till n\u00e4tverksbildning<\/p>\n<p>&#8211; f\u00f6rm\u00e5ga att presentera forskningsresultat f\u00f6r specialister och f\u00f6r den stora allm\u00e4nheten<\/p>\n<p>&#8211; f\u00f6rm\u00e5ga att samarbeta med industrin<\/p>\n<p>&#8211; f\u00f6rm\u00e5ga att arbeta med tidsfrister (deadlines)<\/p>\n<p>Det \u00e4r l\u00e4tt att vara av samma \u00e5sikt. Listan visar att doktorer p\u00e5 teknikens omr\u00e5de liknar v\u00e4ldigt mycket doktorer p\u00e5 vilket som helst vetenskapsomr\u00e5de. Detta \u00e4r logiskt; teknik \u00e4r ju en vetenskapsgren sedan Archimedes\u2019 tider.<\/p>\n<p>Varf\u00f6r ska man d\u00e5 komma till ett europeiskt universitet f\u00f6r att doktorera?\u00a0 En kollega h\u00e5ller ett v\u00e4lf\u00f6rberett men provokativt f\u00f6redrag. St\u00e4derna i Nordamerika \u2013 med New York och San Francisco som undantag \u2013 \u00e4r fula och tr\u00e5kiga, st\u00e4derna i Asien, t.ex. Beijing och Tokio, \u00e4r f\u00f6rorenade pga avgasutsl\u00e4pp. D\u00e4rf\u00f6r ska man inte dit, utan komma till det gamla Europa, njuta av v\u00e5ra vackra st\u00e4der och v\u00e5r stadskultur som h\u00e4rstammar fr\u00e5n tusentals \u00e5r tillbaka. Kan vara i viss m\u00e5n sant, men det \u00e4r inte klokt att svartm\u00e5la konkurrenten, t\u00e4nker jag i stillhet. Faktumet \u00e4r dock att alla utl\u00e4ndska doktorander som jag har pratat med vid Akademin har trivts v\u00e4ldigt bra och p\u00e5pekat att \u00c5bo \u00e4r en trivsam stad, och att det under tiden i \u00c5bo har varit h\u00e4rligt att bes\u00f6ka Stockholm, Sankt Petersburg och m\u00e5nga andra europeiska st\u00e4der.<\/p>\n<p>Det europeiska m\u00f6tet avslutas med lunch: paella serveras i parken utanf\u00f6r f\u00f6rel\u00e4sningssalen. N\u00e4sta g\u00e5ng ska vi tr\u00e4ffas i Aten: vi har erfarenhet av krishantering, p\u00e5pekar den grekiska organisat\u00f6ren en aning ironiskt.<\/p>\n<p>&nbsp;<\/p>\n<p>Valencia har en stark identitet. Som vi vet s\u00e5 \u00e4r det egentligen missvisande att tala om Spanien; det \u00e4r b\u00e4ttre att tala om Kastillia, Aragonia, Andalucia, Katalonia, Basklandet&#8230; Fr\u00e5gar man en valencian, om hon pratar katalanska, s\u00e5 kommer svaret blixtsnabbt: nej, jag pratar valencianska. Det \u00e4r ju i praktiken n\u00e4stan samma spr\u00e5k, men Spanien best\u00e5r av regioner med en stark identitet. Dagens kungligheter \u00e4r superdiplomater som v\u00e4ljer sina ord: d\u00e5 den nya spanske kungen Felipe VI besteg tronen p\u00e5 sommaren 2014 talade han om ett \u2019f\u00f6renat men diversifierat Spanien\u2019.<\/p>\n<p>Valencia har en speciell plats i spanska hj\u00e4rtan. Under st\u00f6rsta delen av det blodiga inb\u00f6rdeskriget 1936-1939 var Valencia huvudstaden f\u00f6r den republikanska regeringen, och staden blev en symbol f\u00f6r demokrati och m\u00e4nsliga r\u00e4ttigheter i ett Europa d\u00e4r nationalism och fascim var p\u00e5 segert\u00e5g. Resten av historien k\u00e4nner vi till alla. \u00c5ret 1975 blev en v\u00e4ndpunkt i Spaniens historia. El Caudillo, generalissimus Franco dog och landet kunde utvecklas igen. Ett resultat av utvecklingen \u00e4r det polytekniska universitetet i Valencia, ett internationellt k\u00e4nt toppuniversitet som erbjuder allt fr\u00e5n matematik, informationsteknologi, fysik, kemi till byggnadsteknik och rymdteknologi. H\u00e4r har jag m\u00e5nga bekanta. Professor Avelino Corma leder en av v\u00e4rldens st\u00f6rsta och mest framg\u00e5ngsrika forskargrupper i katalys, och tv\u00e5 av hans l\u00e4rjungar, doktorerna Martinez och Renz har under de senaste \u00e5ren varit opponenter vid doktorsdisputationer i teknisk kemi och reaktionsteknik vid \u00c5bo Akademi.<\/p>\n<p>Jag vandrar runt i det medeltida Valencia, l\u00e4ngs smala gr\u00e4nder, runt rester av stadsmuren, jag g\u00e5r in i en kyrka, kommer p\u00f6tsligt ih\u00e5g p\u00e5sken och t\u00e4nder ett ljus. Ut till dagsljuset igen; d\u00e4r finns ett litet kaf\u00e9, jag s\u00e4tter mig ned och best\u00e4ller en capuccino. Hit skulle jag komma som Erasmus-student om jag vore ung&#8230;<\/p>\n<p>Glad p\u00e5sk till alla l\u00e4sare!<\/p>\n<p>Tapio Salmi<\/p>\n<p>&nbsp;<\/p>\n","protected":false},"excerpt":{"rendered":"<p>Fakultetsr\u00e5dsm\u00f6tet som hade framskridit i god anda avslutades ungef\u00e4r klockan fyra p\u00e5 tisdag eftermiddag. Ett och annat skulle \u00e4nnu utr\u00e4ttas, s\u00e5 tillbaka till kontoret. Jag \u00f6ppnar e-posten \u2013 verkligen ett och annat ska utr\u00e4ttas, utredas och besvaras och (h\u00e4rligt!) vidarebefordras. Vi beh\u00f6ver inga chefer l\u00e4ngre; e-posten \u00e4r v\u00e5r diktator. Svarar du inte omedelbart \u00e4r du [&hellip;]<\/p>\n","protected":false},"author":102,"featured_media":0,"comment_status":"open","ping_status":"open","sticky":false,"template":"","format":"standard","meta":{"footnotes":""},"categories":[5],"tags":[127,193],"class_list":["post-1794","post","type-post","status-publish","format-standard","hentry","category-salmi","tag-doktorsutbildning","tag-internationellt-samarbete"],"_links":{"self":[{"href":"https:\/\/blogs.abo.fi\/forskarbloggen\/wp-json\/wp\/v2\/posts\/1794","targetHints":{"allow":["GET"]}}],"collection":[{"href":"https:\/\/blogs.abo.fi\/forskarbloggen\/wp-json\/wp\/v2\/posts"}],"about":[{"href":"https:\/\/blogs.abo.fi\/forskarbloggen\/wp-json\/wp\/v2\/types\/post"}],"author":[{"embeddable":true,"href":"https:\/\/blogs.abo.fi\/forskarbloggen\/wp-json\/wp\/v2\/users\/102"}],"replies":[{"embeddable":true,"href":"https:\/\/blogs.abo.fi\/forskarbloggen\/wp-json\/wp\/v2\/comments?post=1794"}],"version-history":[{"count":3,"href":"https:\/\/blogs.abo.fi\/forskarbloggen\/wp-json\/wp\/v2\/posts\/1794\/revisions"}],"predecessor-version":[{"id":1798,"href":"https:\/\/blogs.abo.fi\/forskarbloggen\/wp-json\/wp\/v2\/posts\/1794\/revisions\/1798"}],"wp:attachment":[{"href":"https:\/\/blogs.abo.fi\/forskarbloggen\/wp-json\/wp\/v2\/media?parent=1794"}],"wp:term":[{"taxonomy":"category","embeddable":true,"href":"https:\/\/blogs.abo.fi\/forskarbloggen\/wp-json\/wp\/v2\/categories?post=1794"},{"taxonomy":"post_tag","embeddable":true,"href":"https:\/\/blogs.abo.fi\/forskarbloggen\/wp-json\/wp\/v2\/tags?post=1794"}],"curies":[{"name":"wp","href":"https:\/\/api.w.org\/{rel}","templated":true}]}}