{"id":1954,"date":"2015-11-30T23:11:52","date_gmt":"2015-11-30T21:11:52","guid":{"rendered":"http:\/\/blogs.abo.fi\/forskarbloggen\/?p=1954"},"modified":"2015-12-14T12:07:55","modified_gmt":"2015-12-14T10:07:55","slug":"horisontens-poesi-i-en-korridor","status":"publish","type":"post","link":"https:\/\/blogs.abo.fi\/forskarbloggen\/2015\/11\/30\/horisontens-poesi-i-en-korridor\/","title":{"rendered":"Horisontens poesi i en korridor"},"content":{"rendered":"<div id=\"attachment_1958\" style=\"width: 1034px\" class=\"wp-caption alignleft\"><a href=\"http:\/\/blogs.abo.fi\/forskarbloggen\/files\/Morten.001.jpg\"><img loading=\"lazy\" decoding=\"async\" aria-describedby=\"caption-attachment-1958\" class=\"wp-image-1958 size-full\" src=\"http:\/\/blogs.abo.fi\/forskarbloggen\/files\/Morten.001.jpg\" alt=\"Morten.001\" width=\"1024\" height=\"768\" srcset=\"https:\/\/blogs.abo.fi\/forskarbloggen\/files\/Morten.001.jpg 1024w, https:\/\/blogs.abo.fi\/forskarbloggen\/files\/Morten.001-300x225.jpg 300w\" sizes=\"auto, (max-width: 1024px) 100vw, 1024px\" \/><\/a><p id=\"caption-attachment-1958\" class=\"wp-caption-text\">De tio fotografierna av M\u00e5rten Bj\u00f6rkgren.<\/p><\/div>\n<p>Varje dag d\u00e5 jag stiger in i korridoren d\u00e4r mitt arbetsrum finns dyker det upp fr\u00e5gor om hur man t\u00e4nkte d\u00e5 utrymmet planerades. \u00a0T\u00e4nkte man i geometriska termer s\u00e5 att exakt samma sak som gestaltas i en tv\u00e5dimensionell planritning \u00f6verf\u00f6rs i en tredimensionell korridor men i olika skalor eller funderade man p\u00e5 hur dimensionerna str\u00e4cktes ut?<\/p>\n<p>Mitt arbetsrum \u00e4r ett av flera rum p\u00e5 rad. Rummet ligger mitt i korridoren och det \u00e4r ett rum d\u00e4r det \u00e4r naturligt att r\u00f6ra sig inuti och utanf\u00f6r boxen. I korridoren \u00e4r det naturliga inte lika sj\u00e4lvklart. Korridorens bredd st\u00e5r inte i f\u00f6rh\u00e5llande till dess l\u00e4ngd, h\u00f6jden \u00e4r odefinierbar, belysningen otillr\u00e4cklig, ljudet studsar eller f\u00f6rst\u00e4rks p\u00e5 ett s\u00e4tt som inte lockar till korridorsnack. F\u00e4rgs\u00e4ttningen \u00e4r diffust institutionell. Det \u00e4r som om allt som skall finnas f\u00f6r att definiera en plats f\u00f6r m\u00e4nniskor finns d\u00e4r, och \u00e4nd\u00e5 inte.<\/p>\n<p>Det var det obekv\u00e4ma i korridorens dimensioner som f\u00f6rde in mig p\u00e5 ett sp\u00e5r d\u00e4r rummets poesi fick en st\u00f6rre betydelse i arbetsvardagen \u00e4n jag f\u00f6rst kunde ana. Det hela b\u00f6rjade i en korsv\u00e4g d\u00e4r sammantr\u00e4ffanden och upplevelsen av rum m\u00f6ttes. Det fanns ett behov av att g\u00f6ra n\u00e5got \u00e5t korridoren som arbetsvardag, det var alla som ber\u00f6rs av att r\u00f6ra sig i den \u00f6verens om.<\/p>\n<p>M\u00e5rten Bj\u00f6rkgren, en kollega som har sitt arbetsrum en bit l\u00e4ngre bort i korridoren bad mig en dag ta en titt p\u00e5 de bilder han har p\u00e5 sitt Instagramkonto. I fl\u00f6det av tusen och tusen bilder blev jag varse om att en del av fotografierna stack ut ur fl\u00f6det. Det var n\u00e5got med dem som jag inte kunde begreppsligg\u00f6ra i ord. De pockade p\u00e5 \u00a0uppm\u00e4rksamhet och \u00a0tid. De hade ett uttryck av en emotionell verklighet som beh\u00f6vde f\u00e5 komma ur det digitala fl\u00f6det, in i ett annat sammanhang, f\u00f6r att betraktas som \u00f6gonblick och upplevelser.<\/p>\n<p>Jag best\u00e4mde mig f\u00f6r att anv\u00e4nda utst\u00e4llningskuratorns erfarenhet. Jag valde ut tio fotografier i det digitala fl\u00f6det f\u00f6r att pr\u00f6va dem i arbetsplatsens korridor. D\u00e5 fotografierna \u00a0f\u00f6rflyttades och f\u00f6rstorades till korridoren fick de ett annat uttryck \u00e4n p\u00e5 Instagram. De blev mer m\u00e5leriska, f\u00e4rgerna, formerna och motiven blev till n\u00e5got som det gick att relatera till via den fysiska platsen, korridoren. Och korridoren f\u00f6r\u00e4ndrades till ett landskap. Inte ett kontorslandskap p\u00e5 en arbetsplats utan ist\u00e4llet ett landskap som kan liknas vid en livsnerv som f\u00f6rbereder och skapar f\u00f6rv\u00e4ntningar hos den som vandrar i korridoren. F\u00f6rv\u00e4ntningar p\u00e5 att b\u00e5de k\u00e4nna igen och fr\u00e4mmandeg\u00f6ra n\u00e5got av allt det man k\u00e4nde till f\u00f6rut i korridoren.<\/p>\n<p>Det \u00e4r av betydelse att M\u00e5rten gick med p\u00e5 att f\u00f6rflytta tio av de digitala fl\u00f6dets fotografier och bildv\u00e4rld till en korridor p\u00e5 sin arbetsplats. F\u00f6r mig representerar hans vilja att g\u00f6ra det ett mod och en motivation att \u00f6verskrida f\u00f6rst\u00e5elsehorisonter. Han gick med p\u00e5 att dela en del av sin v\u00e4rld och sf\u00e4r med sina kolleger i en gemensam vardag p\u00e5 ett annat s\u00e4tt och genom ett annat kommunikationsm\u00f6nster \u00e4n han var van vid. Att dela med andra &#8211; vare sig det \u00e4r i sociala medier, i en korridor eller p\u00e5 en konstutst\u00e4llning &#8211; grundar sig p\u00e5 tillit. Tillit \u00e4r en m\u00e4nniskosyn som i den pedagogiska vardagen och vetenskapen \u00e4r s\u00e5 grundl\u00e4ggande att vi kan ta den alldeles f\u00f6r sj\u00e4lvklar.<\/p>\n<p>De tio fotografierna delas nu p\u00e5 ett annat s\u00e4tt \u00e4n p\u00e5 Instagram. Vardagens r\u00f6relser i \u00a0korridoren \u00e4r annorlunda \u00e4n tidigare. \u00a0Vi ser fotografierna och skapar kognitiva, kulturella och kroppsliga sp\u00e5r. De ber\u00f6r kolleger, studerande och andra som passerar. Samtidigt vill vi ta del av det digitala fl\u00f6det.<\/p>\n<p>Det kan h\u00e4nda att fotografierna i korridoren s\u00e5 sm\u00e5ningom bleknar och blir till kulisser i bakgrunden av v\u00e5r vardag.\u00a0Just nu skapar de en f\u00f6rgrund f\u00f6r sociala till\u00e4mpningar, samtal, reflektioner, sinnlighet, minnesbilder och framtidsvisioner \u00f6ver tid och rum. De ger oss m\u00f6jlighet att bli medvetna om bildens retorik, om symboliska resurser och det mellanm\u00e4nskliga som kan f\u00e5 oss att t\u00e4nka och se l\u00e4ngre \u00e4n runt h\u00f6rnet i en korridor.<\/p>\n<p>M\u00e5rten Bj\u00f6rkgren p\u00e5 INSTAGRAM Marten60 eller M\u00e5rten Bj\u00f6rkgren.<\/p>\n<p>&nbsp;<\/p>\n","protected":false},"excerpt":{"rendered":"<p>Varje dag d\u00e5 jag stiger in i korridoren d\u00e4r mitt arbetsrum finns dyker det upp fr\u00e5gor om hur man t\u00e4nkte d\u00e5 utrymmet planerades. \u00a0T\u00e4nkte man i geometriska termer s\u00e5 att exakt samma sak som gestaltas i en tv\u00e5dimensionell planritning \u00f6verf\u00f6rs i en tredimensionell korridor men i olika skalor eller funderade man p\u00e5 hur dimensionerna str\u00e4cktes [&hellip;]<\/p>\n","protected":false},"author":365,"featured_media":0,"comment_status":"open","ping_status":"open","sticky":false,"template":"","format":"standard","meta":{"footnotes":""},"categories":[145],"tags":[],"class_list":["post-1954","post","type-post","status-publish","format-standard","hentry","category-kaihovirta"],"_links":{"self":[{"href":"https:\/\/blogs.abo.fi\/forskarbloggen\/wp-json\/wp\/v2\/posts\/1954","targetHints":{"allow":["GET"]}}],"collection":[{"href":"https:\/\/blogs.abo.fi\/forskarbloggen\/wp-json\/wp\/v2\/posts"}],"about":[{"href":"https:\/\/blogs.abo.fi\/forskarbloggen\/wp-json\/wp\/v2\/types\/post"}],"author":[{"embeddable":true,"href":"https:\/\/blogs.abo.fi\/forskarbloggen\/wp-json\/wp\/v2\/users\/365"}],"replies":[{"embeddable":true,"href":"https:\/\/blogs.abo.fi\/forskarbloggen\/wp-json\/wp\/v2\/comments?post=1954"}],"version-history":[{"count":6,"href":"https:\/\/blogs.abo.fi\/forskarbloggen\/wp-json\/wp\/v2\/posts\/1954\/revisions"}],"predecessor-version":[{"id":1968,"href":"https:\/\/blogs.abo.fi\/forskarbloggen\/wp-json\/wp\/v2\/posts\/1954\/revisions\/1968"}],"wp:attachment":[{"href":"https:\/\/blogs.abo.fi\/forskarbloggen\/wp-json\/wp\/v2\/media?parent=1954"}],"wp:term":[{"taxonomy":"category","embeddable":true,"href":"https:\/\/blogs.abo.fi\/forskarbloggen\/wp-json\/wp\/v2\/categories?post=1954"},{"taxonomy":"post_tag","embeddable":true,"href":"https:\/\/blogs.abo.fi\/forskarbloggen\/wp-json\/wp\/v2\/tags?post=1954"}],"curies":[{"name":"wp","href":"https:\/\/api.w.org\/{rel}","templated":true}]}}