{"id":1977,"date":"2015-12-16T00:55:28","date_gmt":"2015-12-15T22:55:28","guid":{"rendered":"http:\/\/blogs.abo.fi\/forskarbloggen\/?p=1977"},"modified":"2015-12-16T01:02:33","modified_gmt":"2015-12-15T23:02:33","slug":"hitchcocks-grepp","status":"publish","type":"post","link":"https:\/\/blogs.abo.fi\/forskarbloggen\/2015\/12\/16\/hitchcocks-grepp\/","title":{"rendered":"Hitchcocks grepp"},"content":{"rendered":"<p>Nyligen greps tv\u00e5 m\u00e4n i Finland f\u00f6r n\u00e5got som kallades \u201dterroristiska mord\u201d. N\u00e4r jag var i Atlanta i november h\u00f6jdes s\u00e4kerhetsniv\u00e5n p\u00e5 grund av m\u00f6jligt hot. Men &#8211; allt det h\u00e4r \u00e4r \u00e4nd\u00e5 marginellt i ljuset av h\u00e4ndelserna i Paris. Fr\u00e5gor om terrorism n\u00e5r oss vare sig vi vill eller inte.<\/p>\n<p><a href=\"http:\/\/blogs.abo.fi\/forskarbloggen\/files\/Nyn\u00e4s-.jpg\"><img loading=\"lazy\" decoding=\"async\" class=\"alignleft size-medium wp-image-1817\" src=\"http:\/\/blogs.abo.fi\/forskarbloggen\/files\/Nyn\u00e4s--261x300.jpg\" alt=\"Nyn\u00e4s\" width=\"261\" height=\"300\" srcset=\"https:\/\/blogs.abo.fi\/forskarbloggen\/files\/Nyn\u00e4s--261x300.jpg 261w, https:\/\/blogs.abo.fi\/forskarbloggen\/files\/Nyn\u00e4s--890x1024.jpg 890w\" sizes=\"auto, (max-width: 261px) 100vw, 261px\" \/><\/a>Det satsas f\u00f6r tillf\u00e4llet mycket resurser p\u00e5 fr\u00e5gor i anslutning till terrorism. \u00c4ven inom universitetsv\u00e4rlden syns det h\u00e4r t.ex. i form av forskning i radikalisering. Den har \u00f6kat exponentiellt sedan b\u00f6rjan av 2000-talet. Utvecklingen \u00e4r tydlig och forskningen \u00e4r i takt med sin tid. Tidigare skrevs inte m\u00e5nga artiklar alls och det bedrevs inte m\u00e5nga forskningsprojekt. Nu g\u00e5r forskningen p\u00e5 h\u00f6gvarv. Tidigare handlade radikaliseringsforskningen fr\u00e4mst om olika ideologier, nu \u00e4r terrorism k\u00e4rnfr\u00e5gan i radikaliseringsforskningen. Tidigare handlade radikaliseringsforskningen om politik, nu handlar den mest om Islam.<\/p>\n<p>Allt det h\u00e4r kan ocks\u00e5 v\u00e4gas mot lite fakta, t.ex. Global Terrorism Index. Den ges ut av The Institute for Economics and Peace (IEP), ett oberoende forskningsinstitut. Rapporten \u00e4r \u00f6versk\u00e5dlig och budskapet \u00e4r l\u00e4tt att ta till sig: Terrorism \u00f6kar b\u00e5de i omfattning och geografisk spridning, och den sk\u00f6rdar i allt h\u00f6gre grad civila offer. Det \u00e4r ett reellt problem vi talar om.<\/p>\n<p>\u00c4mnet blir d\u00e4remot lite mera intrikat n\u00e4r man ser n\u00e4rmare p\u00e5 resultaten i rapporten: terrorism \u00e4r ett problem fr\u00e4mst i n\u00e5gra l\u00e4nder (Irak, Nigeria, Afghanistan, Pakistan och Syrien). H\u00e4r hittar man 78% av d\u00f6dsfallen som beror p\u00e5 terrorism. 60% av l\u00e4nderna i rapporten har inga s\u00e5dana d\u00f6dsfall alls. N\u00e5gra viktiga iakttagelser g\u00f6rs ocks\u00e5 i rapporten: terrorism tenderar att uppst\u00e5 i l\u00e4nder d\u00e4r det redan f\u00f6rekommer politiskt v\u00e5ld, d\u00e4r det saknas trygghet, samt d\u00e4r respekten f\u00f6r m\u00e4nskliga r\u00e4ttigheter och internationella organisationer \u00e4r l\u00e5g.<\/p>\n<p>Vad h\u00e4nde med kopplingen mellan Islam, radikalisering och terrorism? huvudf\u00e5ran i forskningen? Den\u00a0\u00e4r tydligen en myt byggd p\u00e5 flera element. Ett element \u00e4r f\u00f6rest\u00e4llningen om att religion spelar en betydande roll, men den f\u00f6rest\u00e4llningen saknar grund. Terrorism \u00e4r ett politiskt fenomen som uppst\u00e5r l\u00e4ttare under vissa politiska f\u00f6ruts\u00e4ttningar. Ett annat element \u00e4r myten om att radikaliserad religion eller politik \u00e4r en grogrund f\u00f6r terrorism. Det h\u00e4r \u00e4r ocks\u00e5 en myt, och det finns inget som st\u00f6der den. Tv\u00e4rtemot. Om vi lyfter blicken ser vi att den bygger p\u00e5 logiska felslut.<\/p>\n<p>B\u00e5de v\u00e5r samtid och v\u00e5r historia har tydliga inslag och trender av extrem och stark religion\u00a0(eller politik) men de h\u00e4r fenomenen har inte p\u00e5 n\u00e5got speciellt s\u00e4tt varit grogrunder f\u00f6r terrorismliknande aktiviteter. D\u00e4remot tenderar v\u00e5r k\u00e4nsla f\u00f6r vad som \u00e4r r\u00e4tt och fel att ta avst\u00e5nd fr\u00e5n tanken att v\u00e5ld och terror \u00e4r ideologiskt ber\u00e4ttigat och vi s\u00f6ker s\u00e4tt att uttrycka s\u00e5dana normer och gr\u00e4nser. D\u00e5 anv\u00e4nder vi ord som extrem, radikal etc., men det betyder inte att de har ett f\u00f6rklarande v\u00e4rde.<\/p>\n<p>Men \u2013 myterna om terrorism har tydligen ett stort v\u00e4rde. Det satsas f\u00f6r tillf\u00e4llet mycket resurser i dem och det kommer definitivt att satsas mycket \u00e4ven\u00a0fram\u00f6ver. Forskningen \u00e4r i takt med sin tid, men tyv\u00e4rr inte i f\u00f6rankrad\u00a0i fakta.<\/p>\n<p>Fr\u00e5n det ena till det andra: den senaste tiden har jag inte skrivit bloggar. Tiden har inte varit ett problem, den fanns inte tidigare heller. Inte heller motivationen, texter f\u00f6ds n\u00e4r man s\u00e4tter sig ned. Snarare var mitt problem en slags h\u00e4rdsm\u00e4lta. Det har helt enkelt funnits f\u00f6r m\u00e5nga kritiska fr\u00e5gor att ta fatt i. Var kan man b\u00f6rja?<\/p>\n<p>Fan vet vad allt det h\u00e4r handlar om, men p\u00e5 n\u00e5gra m\u00e5nader lyckades v\u00e5r regering rasera grunden f\u00f6r v\u00e5rt samh\u00e4lle. Ist\u00e4llet fick vi en sluten\u00a0v\u00e4rld\u00a0m\u00e4rkt av konflikter, r\u00e4dsla och hat &#8211; styrd av ett f\u00f6rakt f\u00f6r kunskap och fakta. P\u00e5 en mycket kort tid fick vi grupper som r\u00e4nner omkring och skriker att vi skall st\u00e4nga v\u00e5ra gr\u00e4nser. Och vi fick grupper som \u2019patrullerar\u2019 beredda att sl\u00e5 till d\u00e4r de ser n\u00e5got misst\u00e4nkt med m\u00f6rkare hudf\u00e4rg r\u00f6ra sig.<\/p>\n<p>Lite mera fakta om terror kan f\u00f6rresten vara p\u00e5 sin plats h\u00e4r. Terrorism har olika karakt\u00e4r i olika samh\u00e4llen, precis som v\u00e5ld i \u00f6vrigt. Terrorismen i V\u00e4st domineras av enskilda individer som inte \u00e4r parter i uttalade politiska samh\u00e4lleliga konflikter men som n\u00e4r h\u00f6gerextrema f\u00f6rest\u00e4llningar.<\/p>\n<p>P\u00e5 tal om det. Jag\u00a0undrar om vi har en valh\u00e4nt och inkompetent regering &#8211; eller en ledarhord som \u00e4r strategisk och smart p\u00e5 ett finstilt s\u00e4tt. Ordet terror betyder inte bara politiskt motiverade v\u00e5ldshandlingar. Det betyder ocks\u00e5 att inge skr\u00e4ck och r\u00e4dsla. R\u00e4dsla \u00e4r ett anv\u00e4ndbart ett redskap i m\u00e5nga sammanhang, ocks\u00e5 i politik. Alla som sett Hitchcock\u2019s filmer vet att det b\u00e4sta s\u00e4ttet att ingjuta r\u00e4dsla inte alltid \u00e4r uppenbara\u00a0hot. Ibland \u00e4r en svag &#8211; till och med mycket svag &#8211; antydan starkare. Den riktar v\u00e5r blick\u00a0och l\u00e5ter v\u00e5r fantasi sk\u00f6ta resten. Fantasin \u00e4r stark och beredd att investera \u2013 inte bara i forskning utan ocks\u00e5 i olika former av v\u00e5ld.<\/p>\n","protected":false},"excerpt":{"rendered":"<p>Nyligen greps tv\u00e5 m\u00e4n i Finland f\u00f6r n\u00e5got som kallades \u201dterroristiska mord\u201d. N\u00e4r jag var i Atlanta i november h\u00f6jdes s\u00e4kerhetsniv\u00e5n p\u00e5 grund av m\u00f6jligt hot. Men &#8211; allt det h\u00e4r \u00e4r \u00e4nd\u00e5 marginellt i ljuset av h\u00e4ndelserna i Paris. Fr\u00e5gor om terrorism n\u00e5r oss vare sig vi vill eller inte. Det satsas f\u00f6r tillf\u00e4llet [&hellip;]<\/p>\n","protected":false},"author":98,"featured_media":0,"comment_status":"open","ping_status":"open","sticky":false,"template":"","format":"standard","meta":{"footnotes":""},"categories":[7],"tags":[],"class_list":["post-1977","post","type-post","status-publish","format-standard","hentry","category-nynas"],"_links":{"self":[{"href":"https:\/\/blogs.abo.fi\/forskarbloggen\/wp-json\/wp\/v2\/posts\/1977","targetHints":{"allow":["GET"]}}],"collection":[{"href":"https:\/\/blogs.abo.fi\/forskarbloggen\/wp-json\/wp\/v2\/posts"}],"about":[{"href":"https:\/\/blogs.abo.fi\/forskarbloggen\/wp-json\/wp\/v2\/types\/post"}],"author":[{"embeddable":true,"href":"https:\/\/blogs.abo.fi\/forskarbloggen\/wp-json\/wp\/v2\/users\/98"}],"replies":[{"embeddable":true,"href":"https:\/\/blogs.abo.fi\/forskarbloggen\/wp-json\/wp\/v2\/comments?post=1977"}],"version-history":[{"count":12,"href":"https:\/\/blogs.abo.fi\/forskarbloggen\/wp-json\/wp\/v2\/posts\/1977\/revisions"}],"predecessor-version":[{"id":1989,"href":"https:\/\/blogs.abo.fi\/forskarbloggen\/wp-json\/wp\/v2\/posts\/1977\/revisions\/1989"}],"wp:attachment":[{"href":"https:\/\/blogs.abo.fi\/forskarbloggen\/wp-json\/wp\/v2\/media?parent=1977"}],"wp:term":[{"taxonomy":"category","embeddable":true,"href":"https:\/\/blogs.abo.fi\/forskarbloggen\/wp-json\/wp\/v2\/categories?post=1977"},{"taxonomy":"post_tag","embeddable":true,"href":"https:\/\/blogs.abo.fi\/forskarbloggen\/wp-json\/wp\/v2\/tags?post=1977"}],"curies":[{"name":"wp","href":"https:\/\/api.w.org\/{rel}","templated":true}]}}