{"id":2518,"date":"2026-04-27T11:54:25","date_gmt":"2026-04-27T09:54:25","guid":{"rendered":"https:\/\/blogs.abo.fi\/historia\/?p=2518"},"modified":"2026-04-27T11:54:25","modified_gmt":"2026-04-27T09:54:25","slug":"world-veterans-federation-internationell-veteranverksamhet-i-kalla-krigets-harvor","status":"publish","type":"post","link":"https:\/\/blogs.abo.fi\/historia\/2026\/04\/27\/world-veterans-federation-internationell-veteranverksamhet-i-kalla-krigets-harvor\/","title":{"rendered":"World Veterans Federation \u2013 Internationell veteranverksamhet i kalla krigets h\u00e4rvor"},"content":{"rendered":"<h3><span style=\"color: #800000\"><strong>Av: Rasmus Marjanen, doktorand<\/strong><\/span><\/h3>\n<p>Senh\u00f6sten 1950, n\u00e4r kalla krigets gr\u00e4nser redan var bef\u00e4sta i Europa och Koreakriget rasade i \u00f6st, grundades i Paris en f\u00f6r tiden h\u00f6gst ovanlig organisation. Krigsveteraner fr\u00e5n Belgien, Italien, USA, Turkiet, Jugoslavien, och Frankrike, tillsammans med en rad delegater fr\u00e5n ytterligare l\u00e4nder, slog ihop sig och grundade den internationella veteranorganisationen World Veterans Federation (WVF \u2013 ursprungligen under namnet International Federation of War Veterans Organizations, fr\u00e5n det franska F\u00e9deration internationale des organisations d\u2019anciens combattants). De f\u00f6rsta stegen hade tagits redan 1946 d\u00e5 representanter f\u00f6r ett antal belgiska och franska veteranf\u00f6rbund hade samlats i Bryssel f\u00f6r att diskutera grundandet av en internationell intresseorganisation f\u00f6r krigsveteraner. Under p\u00e5f\u00f6ljande \u00e5r kn\u00f6ts ytterligare internationella kontakter \u2013 men det sp\u00e4nda politiska l\u00e4get f\u00f6rsv\u00e5rade och f\u00f6rdr\u00f6jde arbetet. N\u00e4r verksamheten v\u00e4l kom i g\u00e5ng v\u00e4xte organisationen snabbt och 1951 fick den ocks\u00e5 konsultativ status inom F\u00f6renta nationerna (FN). Enligt organisationens egna uppgifter best\u00e5r den i dag av 172 veteranorganisationer fr\u00e5n 121 l\u00e4nder och representerar \u00f6ver 60 miljoner veteraner. Trots detta \u00e4r organisationen fortfarande r\u00e4tt outforskad. Dess huvudsakliga uppgift har best\u00e5tt av att ut\u00f6ka veteranernas synlighet i deras respektive samh\u00e4llen, och lyfta fram fr\u00e5gor som v\u00e5rdbehov och veteranst\u00f6d.<\/p>\n<p><!--more L\u00e4s mer--><\/p>\n<div id=\"attachment_2515\" style=\"width: 310px\" class=\"wp-caption alignright\"><a href=\"http:\/\/blogs.abo.fi\/historia\/files\/FIDAC-gravyren.jpg\"><img loading=\"lazy\" decoding=\"async\" aria-describedby=\"caption-attachment-2515\" class=\"size-medium wp-image-2515\" src=\"http:\/\/blogs.abo.fi\/historia\/files\/FIDAC-gravyren-300x244.jpg\" alt=\"\" width=\"300\" height=\"244\" srcset=\"https:\/\/blogs.abo.fi\/historia\/files\/FIDAC-gravyren-300x244.jpg 300w, https:\/\/blogs.abo.fi\/historia\/files\/FIDAC-gravyren.jpg 615w\" sizes=\"auto, (max-width: 300px) 100vw, 300px\" \/><\/a><p id=\"caption-attachment-2515\" class=\"wp-caption-text\">Minnestavla f\u00f6r FIDAC:s kongress i Bukarest \u00e5r 1928 Bild: Kingdom of Romania, Public domain, via Wikimedia Commons<\/p><\/div>\n<p>Sj\u00e4lva id\u00e9n om en internationell veteranorganisation var \u00e4nd\u00e5 ingalunda ny, och organisationen hade sina r\u00f6tter i liknande sammanslutningar som uppst\u00e5tt bland f\u00f6rsta v\u00e4rldskrigets veteraner under mellankrigstiden. P\u00e5 franskt initiativ hade organisationen The Interallied federation of War Veterans Organisations (f\u00f6rkortat FIDAC fr\u00e5n det franska namnet F\u00e9d\u00e9ration Interall\u00edee Des Anciens Combattants) grundats redan \u00e5r 1920. Den samlade veteraner exklusivt fr\u00e5n segrarmakterna. Representanter f\u00f6r veteranf\u00f6rbund som stridit p\u00e5 centralmakternas sida utesl\u00f6ts, \u00e4ven om det p\u00e5gick en l\u00e5ngvarig debatt inom organisationen f\u00f6r att eventuellt inkludera tidigare motst\u00e5ndare i leden. Denna fackla snappades i st\u00e4llet upp av det mer pacifistiskt inriktade Conf\u00e9rence\u00a0Internationale des\u00a0Associations des\u00a0Mutil\u00e9s de guerre et\u00a0Anciens\u00a0Combattants (CIAMAC) vars fokus l\u00e5g p\u00e5 krigsskadade och f\u00f6rsoning mellan veteraner. B\u00e5da organisationernas verksamhet inkluderade internationella konferenser d\u00e4r veteranangel\u00e4genheter behandlades. Dessa diskuterade ocks\u00e5 fr\u00e5gor om veteranernas materiella v\u00e4lf\u00e4rd, s\u00e4rskilt f\u00f6r krigsskadade, vilket f\u00f6rblev en h\u00f6rnpelare ocks\u00e5 i WVF:s verksamhet.<\/p>\n<p>Andra v\u00e4rldskriget satte stopp f\u00f6r dessa experiment f\u00f6r internationell solidaritet, och i m\u00e5nga l\u00e4nder ledde kriget till en total omstrukturering av veteranf\u00f6reningar \u2013 och veteranpolitik i allm\u00e4nhet. I USA \u2013 d\u00e4r antalet veteraner uppgick till \u00f6ver 16 miljoner \u2013 v\u00e4xte diverse veteranf\u00f6reningar till m\u00e4ktiga politiska akt\u00f6rer som p\u00e5verkade beslutsfattandet. I Sovjetunionen r\u00e4knades veteranerna likas\u00e5 i miljoner, men staten f\u00f6rh\u00f6ll sig skeptisk till organiserade veteranf\u00f6rbund och motarbetade f\u00f6rs\u00f6k till dylik verksamhet. Kontrasten \u00e4ven till l\u00e4nder som V\u00e4sttyskland, d\u00e4r veteranf\u00f6reningar i stort sett f\u00f6rbj\u00f6ds under en kort period efter krigsslutet, var stor. Finland befann sig likas\u00e5 i en egenartad situation d\u00e4r endast ett st\u00f6rre veteranf\u00f6rbund \u2013 Krigsinvalidernas Br\u00f6draf\u00f6rbund rf \u2013 inte f\u00f6rbj\u00f6ds av den allierade kontrollkommissionen, trots att ocks\u00e5 dess \u00f6de varit i v\u00e5gsk\u00e5len efters krigsslutet.<\/p>\n<p>Krigsinvalidernas Br\u00f6draf\u00f6rbunds representanter var ocks\u00e5 p\u00e5 plats i Paris d\u00e5 WVF grundandes, men Br\u00f6draf\u00f6rbundet ansl\u00f6t sig f\u00f6rst 1954. Finl\u00e4ndska veteraner var s\u00e5ledes tidigt med i den internationella verksamheten och redan 1953 hade Br\u00f6draf\u00f6rbundet mottagit en donation fr\u00e5n WVF, vilken anv\u00e4ndes f\u00f6r att inskaffa utrustning f\u00f6r att unders\u00f6ka hj\u00e4rnskador bland veteraner. Samarbetet mellan organisationerna utvecklades med \u00e5ren till en varaktig del av Br\u00f6draf\u00f6rbundets verksamhet, och via WVF har organisationen ocks\u00e5 deltagit i diverse initiativ f\u00f6r att st\u00f6da veteraner v\u00e4rlden \u00f6ver.<\/p>\n<div id=\"attachment_2516\" style=\"width: 310px\" class=\"wp-caption alignright\"><a href=\"http:\/\/blogs.abo.fi\/historia\/files\/World_Veterans_Federation-logon.jpg\"><img loading=\"lazy\" decoding=\"async\" aria-describedby=\"caption-attachment-2516\" class=\"size-medium wp-image-2516\" src=\"http:\/\/blogs.abo.fi\/historia\/files\/World_Veterans_Federation-logon-300x300.jpg\" alt=\"\" width=\"300\" height=\"300\" srcset=\"https:\/\/blogs.abo.fi\/historia\/files\/World_Veterans_Federation-logon-300x300.jpg 300w, https:\/\/blogs.abo.fi\/historia\/files\/World_Veterans_Federation-logon-150x150.jpg 150w, https:\/\/blogs.abo.fi\/historia\/files\/World_Veterans_Federation-logon-768x767.jpg 768w, https:\/\/blogs.abo.fi\/historia\/files\/World_Veterans_Federation-logon.jpg 959w\" sizes=\"auto, (max-width: 300px) 100vw, 300px\" \/><\/a><p id=\"caption-attachment-2516\" class=\"wp-caption-text\">WVF listar v\u00e4rnandet av internationell fred och s\u00e4kerhet som sin fr\u00e4msta uppgift. Bild: World Veterans Federation, Public domain, via Wikimedia Commons<\/p><\/div>\n<p>WVF anammade en modell d\u00e4r f\u00f6rbund, i st\u00e4llet f\u00f6r nationella representanter, kunde bli medlemmar och representera sitt land i organisationens omr\u00f6stningar. Finansieringen skulle inledningsvis s\u00e4kras av medlemsavgifter, men under de tidigare verksamhets\u00e5ren r\u00e4ckte dessa s\u00e4llan till, eller uteblev helt. Historikern \u00c1ngel Alcalde p\u00e5pekar att organisationens finansieringsmodell alltid varit invecklad och att den s\u00e4rskilt under de tidigare \u00e5ren m\u00f6jliggjordes av donationer och insamlingar, fr\u00e4mst fr\u00e5n USA. Under kalla kriget erh\u00f6ll organisationen ocks\u00e5 en stark v\u00e4sterl\u00e4ndsk pr\u00e4gel trots dess breda internationella medlemsskara, och framf\u00f6r allt amerikanska veteraner hade stort inflytande inom organisationen. Enligt \u00c1lcalde lyckades WVF \u00e4nd\u00e5 b\u00e4ttre \u00e4n sina f\u00f6reg\u00e5ngare bli en genuint global sammanslutning fr\u00e4mst genom att undvika att fokusera p\u00e5 ett specifikt krigsminne eller en viss konflikt. Detta har med \u00e5ren ocks\u00e5 \u00f6ppnat d\u00f6rren f\u00f6r en varierande skara av veteraner, vilket innefattar allting fr\u00e5n krigsf\u00e5ngar till krishanteringsveteraner. \u00c4ven om organisationen kunnat ge ekonomiska bidrag, likt det till Finland, har den huvudsakliga verksamheten alltid utgjorts av intressebevakning f\u00f6r veteraner, vilket skett framf\u00f6r allt via FN.<\/p>\n<p>Med \u00e5ren f\u00f6ljde alla st\u00f6rre finl\u00e4ndska veteranf\u00f6rbund f\u00f6r andra v\u00e4rldskrigets veteraner Br\u00f6draf\u00f6rbundets exempel och blev medlemmar i WVF, varav det sista utgjordes av Rintamanaisten Liitto \u00e5r 1985. Medan de alla fortfarande var verksamma fick de d\u00e4rmed turas om vem som representerade Finland i r\u00f6stningarna. \u00c5r 2009 blev ocks\u00e5 Suomen Ulkomaanoperaatioiden Veteraanilitto (SUVL, tidigare Finlands Fredsbevararf\u00f6rbund rf) medlem \u2013 efter en ans\u00f6kan som godk\u00e4ndes redan 2007. I takt med att veteranf\u00f6rbunden f\u00f6r andra v\u00e4rldskrigets veteraner b\u00f6rjat \u00f6verg\u00e5 till minnesv\u00e4rnande och blivit traditionsf\u00f6reningar, har SUVL i samf\u00f6rst\u00e5nd med krigsveteranerna \u00f6verg\u00e5tt till att representera alla finl\u00e4ndska veteraner inom organisationen. D\u00e4rmed \u00e4r Finland forts\u00e4ttningsvis representerat i f\u00f6rbundet.<\/p>\n<p><strong>K\u00e4ll- och litteraturf\u00f6rteckning<\/strong><\/p>\n<p>Framsidans bild: WVF:s fj\u00e4rde konferens i Haag \u00e5r 1953. Bild: Daan Noske \/ Anefo, CC0, via Wikimedia Commons<\/p>\n<p>Alcalde, \u00c1ngel \u2018The World Veterans Federation, Cold War politics and globalization\u2019, <em>War Veterans and the World after 1945: Cold War Politics, Decolonization, Memory<\/em>, Alcalde, \u00c1ngel &amp; Xos\u00e9 M. N\u00fa\u00f1ez Seixas, First edition. London: Taylor and Francis, (2018).<\/p>\n<p>Crotty, Martin, Diamant, Neil J., and Edele, Mark. <em>The Politics of Veteran Benefits in the Twentieth Century: A Comparative History<\/em>. Ithaca: Cornell University Press (2021).<\/p>\n<p>Edele, Mark, <em>Soviet Veterans of the Second World War. A popular movement in an authoritarian society<\/em>, 1941\u20131991. (Oxford 2008).<\/p>\n<p>Kleemola, Olli, <em>Veteraanit ja suomalainen yhteiskunta. Vaikuttamisty\u00f6, arvostus, lains\u00e4\u00e4d\u00e4nt\u00f6 ja tuki 1940\u20132025<\/em>, Gaudeamus (Helsinki 2025).<\/p>\n<p>Sulamaa, Kaarle,\u00a0<em>Veteraania Ei J\u00e4tet\u00e4: Suomen Sotaveteraaniliitto 1957\u20132007<\/em>. Suomen sotaveteraaniliitto, Edita (Helsinki 2007).<\/p>\n<pre>Rasmus Marjanen \u00e4r doktorand i allm\u00e4n historia och forskar om veterangemenskap och minneskultur bland finska krishanteringsveteraner.<\/pre>\n<p>&nbsp;<\/p>\n<p>&nbsp;<\/p>\n","protected":false},"excerpt":{"rendered":"<p>Av: Rasmus Marjanen, doktorand Senh\u00f6sten 1950, n\u00e4r kalla krigets gr\u00e4nser redan var bef\u00e4sta i Europa och Koreakriget rasade i \u00f6st, grundades i Paris en f\u00f6r tiden h\u00f6gst ovanlig organisation. Krigsveteraner fr\u00e5n Belgien, Italien, USA, Turkiet, Jugoslavien, och Frankrike, tillsammans med en rad delegater fr\u00e5n ytterligare l\u00e4nder, slog ihop sig och grundade den internationella veteranorganisationen World [&hellip;]<\/p>\n","protected":false},"author":750,"featured_media":2517,"comment_status":"open","ping_status":"open","sticky":false,"template":"","format":"standard","meta":{"footnotes":""},"categories":[147,400,149,141],"tags":[699,698],"class_list":["post-2518","post","type-post","status-publish","format-standard","has-post-thumbnail","hentry","category-1900-tal","category-aktualiteter","category-europa","category-finland","tag-krishanteringsveteraner","tag-veteraner"],"_links":{"self":[{"href":"https:\/\/blogs.abo.fi\/historia\/wp-json\/wp\/v2\/posts\/2518","targetHints":{"allow":["GET"]}}],"collection":[{"href":"https:\/\/blogs.abo.fi\/historia\/wp-json\/wp\/v2\/posts"}],"about":[{"href":"https:\/\/blogs.abo.fi\/historia\/wp-json\/wp\/v2\/types\/post"}],"author":[{"embeddable":true,"href":"https:\/\/blogs.abo.fi\/historia\/wp-json\/wp\/v2\/users\/750"}],"replies":[{"embeddable":true,"href":"https:\/\/blogs.abo.fi\/historia\/wp-json\/wp\/v2\/comments?post=2518"}],"version-history":[{"count":6,"href":"https:\/\/blogs.abo.fi\/historia\/wp-json\/wp\/v2\/posts\/2518\/revisions"}],"predecessor-version":[{"id":2524,"href":"https:\/\/blogs.abo.fi\/historia\/wp-json\/wp\/v2\/posts\/2518\/revisions\/2524"}],"wp:featuredmedia":[{"embeddable":true,"href":"https:\/\/blogs.abo.fi\/historia\/wp-json\/wp\/v2\/media\/2517"}],"wp:attachment":[{"href":"https:\/\/blogs.abo.fi\/historia\/wp-json\/wp\/v2\/media?parent=2518"}],"wp:term":[{"taxonomy":"category","embeddable":true,"href":"https:\/\/blogs.abo.fi\/historia\/wp-json\/wp\/v2\/categories?post=2518"},{"taxonomy":"post_tag","embeddable":true,"href":"https:\/\/blogs.abo.fi\/historia\/wp-json\/wp\/v2\/tags?post=2518"}],"curies":[{"name":"wp","href":"https:\/\/api.w.org\/{rel}","templated":true}]}}