{"id":157,"date":"2011-04-04T15:29:08","date_gmt":"2011-04-04T13:29:08","guid":{"rendered":"http:\/\/blogs.abo.fi\/larcentret\/?p=157"},"modified":"2011-06-10T09:06:40","modified_gmt":"2011-06-10T06:06:40","slug":"fortgaende-dialog-om-undervisning-och-larande-vid-aa-med-hjalp-av-studentrespons","status":"publish","type":"post","link":"https:\/\/blogs.abo.fi\/larcentret\/2011\/04\/04\/fortgaende-dialog-om-undervisning-och-larande-vid-aa-med-hjalp-av-studentrespons\/","title":{"rendered":"Fortg\u00e5ende dialog om undervisning och l\u00e4rande vid \u00c5A med hj\u00e4lp av studentrespons"},"content":{"rendered":"<p>\u00c5A:s styrelse har nyligen fattat beslut om utveckling och utv\u00e4rdering av utbildningarna med hj\u00e4lp av systematisk studentrespons. Studentrespons vid \u00c5A \u00e4r i sig inget nytt fenomen, f\u00f6r respons insamlas i olika former redan nu. Det nya med styrelsens beslut, som tr\u00e4dde i kraft genast, \u00e4r att det ger b\u00e5de tydlighet och synlighet i verksamheten och behandlingen av responsen. M\u00e5let \u00e4r att skapa en fortg\u00e5ende dialog mellan studerandena \u00e5 ena sidan och l\u00e4raren, institutionen och akademin \u00e5 andra sidan om undervisning och l\u00e4rande. Syftet \u00e4r ocks\u00e5 att uppmuntra studerande till reflektion \u00f6ver sin inl\u00e4rning och l\u00e4rprocess.<\/p>\n<p><strong>Helhetssyn<\/strong><\/p>\n<p>F\u00f6r att f\u00e5 en helhetssyn av studerandenas syn p\u00e5 <strong>undervisning, inl\u00e4rning, inneh\u00e5ll i studierna, studieg\u00e5ng samt hela utbildningen<\/strong> insamlas respons p\u00e5 tre olika s\u00e4tt, genom <strong>obligatorisk kursutv\u00e4rdering<\/strong>, unders\u00f6kningar av <strong>studieklimatet<\/strong> (enheten f\u00f6r kvalitetshantering) och <strong>arbetslivsenk\u00e4ter<\/strong> (arbetsforum).<\/p>\n<p>Vilken roll har institutionerna eller \u00e4mnena?<\/p>\n<p>F\u00f6r kursutv\u00e4rderingarna ansvarar institutionerna eller \u00e4mnena, som b\u00f6r se till att alla kurser inom \u00e4mnet eller utbildningen regelbundet utv\u00e4rderas. \u00c4mnet eller institutionen beslutar om <strong>vilka kurser<\/strong> som utv\u00e4rderas, hur och med vilken <strong>tidtabell<\/strong> utv\u00e4rdering sker, vilka <strong>fr\u00e5gor<\/strong> som st\u00e4lls, vilken <strong>skala<\/strong> som anv\u00e4nds, samt n\u00e4r och hur <strong>utfallet meddelas<\/strong> till studerandena, l\u00e4rarna och den \u00e4mnessansvarige, som meddelar institutionen om utfallet av \u00e4mnets kursutv\u00e4rderingar. Institutionen behandlar \u00e5rligen <strong>\u00e4mnenas meddelanden<\/strong> samt <strong>kvalitetsenhetens och arbetsforums rapporter<\/strong> och beslutar om riktlinjer och \u00e5tg\u00e4rder utg\u00e5ende fr\u00e5n dem. Institutioner och \u00e4mnen har d\u00e4rmed b\u00e5de r\u00e4ttighet och skyldighet att skapa de praktiska rutinerna utg\u00e5ende fr\u00e5n sin egen specifika omgivning.<\/p>\n<p>Monica Nerdrum<\/p>\n","protected":false},"excerpt":{"rendered":"<p>\u00c5A:s styrelse har nyligen fattat beslut om utveckling och utv\u00e4rdering av utbildningarna med hj\u00e4lp av systematisk studentrespons. Studentrespons vid \u00c5A \u00e4r i sig inget nytt fenomen, f\u00f6r respons insamlas i olika former redan nu. Det nya med styrelsens beslut, som &hellip; <a href=\"https:\/\/blogs.abo.fi\/larcentret\/2011\/04\/04\/fortgaende-dialog-om-undervisning-och-larande-vid-aa-med-hjalp-av-studentrespons\/\">Forts\u00e4tt l\u00e4sa <span class=\"meta-nav\">&rarr;<\/span><\/a><\/p>\n","protected":false},"author":21,"featured_media":0,"comment_status":"open","ping_status":"open","sticky":false,"template":"","format":"standard","meta":{"footnotes":""},"categories":[34,38],"tags":[29,30,27],"class_list":["post-157","post","type-post","status-publish","format-standard","hentry","category-kvalitet","category-utveckling-av-undervisningen","tag-kvalitetshantering","tag-studentrespons","tag-utveckla-undervisningen"],"_links":{"self":[{"href":"https:\/\/blogs.abo.fi\/larcentret\/wp-json\/wp\/v2\/posts\/157","targetHints":{"allow":["GET"]}}],"collection":[{"href":"https:\/\/blogs.abo.fi\/larcentret\/wp-json\/wp\/v2\/posts"}],"about":[{"href":"https:\/\/blogs.abo.fi\/larcentret\/wp-json\/wp\/v2\/types\/post"}],"author":[{"embeddable":true,"href":"https:\/\/blogs.abo.fi\/larcentret\/wp-json\/wp\/v2\/users\/21"}],"replies":[{"embeddable":true,"href":"https:\/\/blogs.abo.fi\/larcentret\/wp-json\/wp\/v2\/comments?post=157"}],"version-history":[{"count":6,"href":"https:\/\/blogs.abo.fi\/larcentret\/wp-json\/wp\/v2\/posts\/157\/revisions"}],"predecessor-version":[{"id":160,"href":"https:\/\/blogs.abo.fi\/larcentret\/wp-json\/wp\/v2\/posts\/157\/revisions\/160"}],"wp:attachment":[{"href":"https:\/\/blogs.abo.fi\/larcentret\/wp-json\/wp\/v2\/media?parent=157"}],"wp:term":[{"taxonomy":"category","embeddable":true,"href":"https:\/\/blogs.abo.fi\/larcentret\/wp-json\/wp\/v2\/categories?post=157"},{"taxonomy":"post_tag","embeddable":true,"href":"https:\/\/blogs.abo.fi\/larcentret\/wp-json\/wp\/v2\/tags?post=157"}],"curies":[{"name":"wp","href":"https:\/\/api.w.org\/{rel}","templated":true}]}}