{"id":536,"date":"2013-03-10T11:24:45","date_gmt":"2013-03-10T09:24:45","guid":{"rendered":"http:\/\/blogs.abo.fi\/larcentret\/?p=536"},"modified":"2013-04-11T07:24:06","modified_gmt":"2013-04-11T05:24:06","slug":"resultat-fran-studieklimatundersokningen-2012","status":"publish","type":"post","link":"https:\/\/blogs.abo.fi\/larcentret\/2013\/03\/10\/resultat-fran-studieklimatundersokningen-2012\/","title":{"rendered":"Resultat fr\u00e5n studieklimatunders\u00f6kningen 2012"},"content":{"rendered":"<p><em>Ole Karlsson presenterade resultaten fr\u00e5n studieklimatunders\u00f6kningen 2012 p\u00e5 webbinarium 4.3.2013, se <\/em><a href=\"https:\/\/connect.vasa.abo.fi\/p1z8y4soix3\/\" target=\"_blank\">video<\/a> (29 min).<\/p>\n<p>I <a href=\"http:\/\/blogs.abo.fi\/lararbloggen\/2013\/03\/09\/studenterna-onskar-natstod-i-undervisningen-visar-studieklimatundersokningen-2012\/\" target=\"_blank\">L\u00e4rarbloggen<\/a> inleddes en ny serie om n\u00e4tst\u00f6dd undervisning &#8211; i det f\u00f6rsta inl\u00e4gget presenterar jag resultaten fr\u00e5n studieklimatunders\u00f6kningen g\u00e4llande just detta tema.<\/p>\n<p><a href=\"http:\/\/blogs.abo.fi\/larcentret\/files\/studieklimat-rubrik-b.png\"><img loading=\"lazy\" decoding=\"async\" class=\"aligncenter size-medium wp-image-538\" src=\"http:\/\/blogs.abo.fi\/larcentret\/files\/studieklimat-rubrik-b-300x56.png\" alt=\"\" width=\"300\" height=\"56\" srcset=\"https:\/\/blogs.abo.fi\/larcentret\/files\/studieklimat-rubrik-b-300x56.png 300w, https:\/\/blogs.abo.fi\/larcentret\/files\/studieklimat-rubrik-b.png 500w\" sizes=\"auto, (max-width: 300px) 100vw, 300px\" \/><\/a><\/p>\n","protected":false},"excerpt":{"rendered":"<p>Ole Karlsson presenterade resultaten fr\u00e5n studieklimatunders\u00f6kningen 2012 p\u00e5 webbinarium 4.3.2013, se video (29 min). I L\u00e4rarbloggen inleddes en ny serie om n\u00e4tst\u00f6dd undervisning &#8211; i det f\u00f6rsta inl\u00e4gget presenterar jag resultaten fr\u00e5n studieklimatunders\u00f6kningen g\u00e4llande just detta tema.<\/p>\n","protected":false},"author":16,"featured_media":0,"comment_status":"open","ping_status":"open","sticky":false,"template":"","format":"standard","meta":{"footnotes":""},"categories":[34],"tags":[29,30],"class_list":["post-536","post","type-post","status-publish","format-standard","hentry","category-kvalitet","tag-kvalitetshantering","tag-studentrespons"],"_links":{"self":[{"href":"https:\/\/blogs.abo.fi\/larcentret\/wp-json\/wp\/v2\/posts\/536","targetHints":{"allow":["GET"]}}],"collection":[{"href":"https:\/\/blogs.abo.fi\/larcentret\/wp-json\/wp\/v2\/posts"}],"about":[{"href":"https:\/\/blogs.abo.fi\/larcentret\/wp-json\/wp\/v2\/types\/post"}],"author":[{"embeddable":true,"href":"https:\/\/blogs.abo.fi\/larcentret\/wp-json\/wp\/v2\/users\/16"}],"replies":[{"embeddable":true,"href":"https:\/\/blogs.abo.fi\/larcentret\/wp-json\/wp\/v2\/comments?post=536"}],"version-history":[{"count":5,"href":"https:\/\/blogs.abo.fi\/larcentret\/wp-json\/wp\/v2\/posts\/536\/revisions"}],"predecessor-version":[{"id":569,"href":"https:\/\/blogs.abo.fi\/larcentret\/wp-json\/wp\/v2\/posts\/536\/revisions\/569"}],"wp:attachment":[{"href":"https:\/\/blogs.abo.fi\/larcentret\/wp-json\/wp\/v2\/media?parent=536"}],"wp:term":[{"taxonomy":"category","embeddable":true,"href":"https:\/\/blogs.abo.fi\/larcentret\/wp-json\/wp\/v2\/categories?post=536"},{"taxonomy":"post_tag","embeddable":true,"href":"https:\/\/blogs.abo.fi\/larcentret\/wp-json\/wp\/v2\/tags?post=536"}],"curies":[{"name":"wp","href":"https:\/\/api.w.org\/{rel}","templated":true}]}}