{"id":1232,"date":"2020-04-06T14:34:29","date_gmt":"2020-04-06T12:34:29","guid":{"rendered":"http:\/\/blogs.abo.fi\/oppnauniversitetet\/?p=1232"},"modified":"2020-04-06T14:34:29","modified_gmt":"2020-04-06T12:34:29","slug":"personalpresentation-carina-grasbeck","status":"publish","type":"post","link":"https:\/\/blogs.abo.fi\/oppnauniversitetet\/personalpresentation-carina-grasbeck\/","title":{"rendered":"Personalpresentation: Carina Gr\u00e4sbeck"},"content":{"rendered":"<p><span class=\"\"><a href=\"http:\/\/blogs.abo.fi\/oppnauniversitetet\/files\/Instagrem_Carina.jpg\"><img loading=\"lazy\" decoding=\"async\" class=\"alignleft size-full wp-image-1233\" src=\"http:\/\/blogs.abo.fi\/oppnauniversitetet\/files\/Instagrem_Carina.jpg\" alt=\"\" width=\"716\" height=\"711\" srcset=\"https:\/\/blogs.abo.fi\/oppnauniversitetet\/files\/Instagrem_Carina.jpg 716w, https:\/\/blogs.abo.fi\/oppnauniversitetet\/files\/Instagrem_Carina-150x150.jpg 150w, https:\/\/blogs.abo.fi\/oppnauniversitetet\/files\/Instagrem_Carina-300x298.jpg 300w\" sizes=\"auto, (max-width: 716px) 100vw, 716px\" \/><\/a>Tycker du att kommunalpolitik k\u00e4nns kn\u00e4ppt? Eller har du alltid dr\u00f6mt om att l\u00e4ra dig programmera?<\/p>\n<p>V\u00e5r utbildningsplanerare Carina Gr\u00e4sbeck, hj\u00e4lper dig att hitta r\u00e4tt kurs.<\/p>\n<p>Carina \u00e4r n\u00e4stan en del av m\u00f6blemanget och har jobbat med \u00f6ppna universitetet i flera decennier.<\/p>\n<p>Hon ansvarar f\u00f6r allt fr\u00e5n sociologi, offentlig f\u00f6rvaltning, statskunskap, nationalekonomi, informationssystem och informationsteknologi till interkulturell kommunikation och religionsvetenskap. Carina kan du n\u00e4rma dig i n\u00e4stan vilka studiefr\u00e5gor som helst och hon svarar ocks\u00e5 sn\u00e4llt i telefon.<\/span><\/p>\n","protected":false},"excerpt":{"rendered":"<p>Tycker du att kommunalpolitik k\u00e4nns kn\u00e4ppt? Eller har du alltid dr\u00f6mt om att l\u00e4ra dig programmera? V\u00e5r utbildningsplanerare Carina Gr\u00e4sbeck, hj\u00e4lper dig att hitta r\u00e4tt kurs. Carina \u00e4r n\u00e4stan en del av m\u00f6blemanget och har jobbat med \u00f6ppna universitetet i flera decennier. Hon ansvarar f\u00f6r allt fr\u00e5n sociologi, offentlig f\u00f6rvaltning, statskunskap, nationalekonomi, informationssystem och informationsteknologi [&hellip;]<\/p>\n","protected":false},"author":262,"featured_media":0,"comment_status":"open","ping_status":"open","sticky":false,"template":"","format":"standard","meta":{"footnotes":""},"categories":[1],"tags":[],"class_list":["post-1232","post","type-post","status-publish","format-standard","hentry","category-okategoriserade"],"_links":{"self":[{"href":"https:\/\/blogs.abo.fi\/oppnauniversitetet\/wp-json\/wp\/v2\/posts\/1232","targetHints":{"allow":["GET"]}}],"collection":[{"href":"https:\/\/blogs.abo.fi\/oppnauniversitetet\/wp-json\/wp\/v2\/posts"}],"about":[{"href":"https:\/\/blogs.abo.fi\/oppnauniversitetet\/wp-json\/wp\/v2\/types\/post"}],"author":[{"embeddable":true,"href":"https:\/\/blogs.abo.fi\/oppnauniversitetet\/wp-json\/wp\/v2\/users\/262"}],"replies":[{"embeddable":true,"href":"https:\/\/blogs.abo.fi\/oppnauniversitetet\/wp-json\/wp\/v2\/comments?post=1232"}],"version-history":[{"count":1,"href":"https:\/\/blogs.abo.fi\/oppnauniversitetet\/wp-json\/wp\/v2\/posts\/1232\/revisions"}],"predecessor-version":[{"id":1234,"href":"https:\/\/blogs.abo.fi\/oppnauniversitetet\/wp-json\/wp\/v2\/posts\/1232\/revisions\/1234"}],"wp:attachment":[{"href":"https:\/\/blogs.abo.fi\/oppnauniversitetet\/wp-json\/wp\/v2\/media?parent=1232"}],"wp:term":[{"taxonomy":"category","embeddable":true,"href":"https:\/\/blogs.abo.fi\/oppnauniversitetet\/wp-json\/wp\/v2\/categories?post=1232"},{"taxonomy":"post_tag","embeddable":true,"href":"https:\/\/blogs.abo.fi\/oppnauniversitetet\/wp-json\/wp\/v2\/tags?post=1232"}],"curies":[{"name":"wp","href":"https:\/\/api.w.org\/{rel}","templated":true}]}}