{"id":1243,"date":"2020-04-14T12:29:56","date_gmt":"2020-04-14T10:29:56","guid":{"rendered":"http:\/\/blogs.abo.fi\/oppnauniversitetet\/?p=1243"},"modified":"2020-04-14T12:29:56","modified_gmt":"2020-04-14T10:29:56","slug":"personalpresentation-emil-oljemark","status":"publish","type":"post","link":"https:\/\/blogs.abo.fi\/oppnauniversitetet\/personalpresentation-emil-oljemark\/","title":{"rendered":"Personalpresentation: Emil Oljemark"},"content":{"rendered":"<p><a href=\"http:\/\/blogs.abo.fi\/oppnauniversitetet\/files\/Emil-Oljemark.jpg\"><img loading=\"lazy\" decoding=\"async\" class=\"alignleft size-large wp-image-1244\" src=\"http:\/\/blogs.abo.fi\/oppnauniversitetet\/files\/Emil-Oljemark-1024x1024.jpg\" alt=\"\" width=\"604\" height=\"604\" srcset=\"https:\/\/blogs.abo.fi\/oppnauniversitetet\/files\/Emil-Oljemark-1024x1024.jpg 1024w, https:\/\/blogs.abo.fi\/oppnauniversitetet\/files\/Emil-Oljemark-150x150.jpg 150w, https:\/\/blogs.abo.fi\/oppnauniversitetet\/files\/Emil-Oljemark-300x300.jpg 300w, https:\/\/blogs.abo.fi\/oppnauniversitetet\/files\/Emil-Oljemark-768x768.jpg 768w\" sizes=\"auto, (max-width: 604px) 100vw, 604px\" \/><\/a><\/p>\n<p>Jag heter Emil Oljemark, utbildningsplanerare med ansvar f\u00f6r v\u00e5ra kurser i r\u00e4ttsvetenskap och offentlig f\u00f6rvaltning. St\u00e4ller mig allm\u00e4nt nyfiken till litteratur, politik och maktstrukturer. Av n\u00e5gon of\u00f6rklarlig anledning har jag halkat in p\u00e5 EU-fr\u00e5gor under mina studier och min karri\u00e4r hittills. Trivs bra med den kursplanering och undervisning jag har p\u00e5 mitt bord och kryddar p\u00e5 med en del andra uppdrag d\u00e4rtill. Jag har ett arbetss\u00e4tt att st\u00e4ndigt reflektera mellan det allm\u00e4nna och det specifika och inspireras till det av goda kolleger och ett antal muggar kaffe om dagen. D\u00e5 jag sticker n\u00e4san utomhus kan man finna mig ute p\u00e5 resa med familjen, p\u00e5 stugan eller ute till sj\u00f6ss.<\/p>\n","protected":false},"excerpt":{"rendered":"<p>Jag heter Emil Oljemark, utbildningsplanerare med ansvar f\u00f6r v\u00e5ra kurser i r\u00e4ttsvetenskap och offentlig f\u00f6rvaltning. St\u00e4ller mig allm\u00e4nt nyfiken till litteratur, politik och maktstrukturer. Av n\u00e5gon of\u00f6rklarlig anledning har jag halkat in p\u00e5 EU-fr\u00e5gor under mina studier och min karri\u00e4r hittills. Trivs bra med den kursplanering och undervisning jag har p\u00e5 mitt bord och kryddar [&hellip;]<\/p>\n","protected":false},"author":262,"featured_media":0,"comment_status":"open","ping_status":"open","sticky":false,"template":"","format":"standard","meta":{"footnotes":""},"categories":[30],"tags":[35,39,42,38,31,46],"class_list":["post-1243","post","type-post","status-publish","format-standard","hentry","category-entuggakunskap","tag-en-tugga-kunskap","tag-eu-lagstiftning","tag-kontinuerligt-larande","tag-kontinuerligtlarande","tag-opu","tag-opuleden"],"_links":{"self":[{"href":"https:\/\/blogs.abo.fi\/oppnauniversitetet\/wp-json\/wp\/v2\/posts\/1243","targetHints":{"allow":["GET"]}}],"collection":[{"href":"https:\/\/blogs.abo.fi\/oppnauniversitetet\/wp-json\/wp\/v2\/posts"}],"about":[{"href":"https:\/\/blogs.abo.fi\/oppnauniversitetet\/wp-json\/wp\/v2\/types\/post"}],"author":[{"embeddable":true,"href":"https:\/\/blogs.abo.fi\/oppnauniversitetet\/wp-json\/wp\/v2\/users\/262"}],"replies":[{"embeddable":true,"href":"https:\/\/blogs.abo.fi\/oppnauniversitetet\/wp-json\/wp\/v2\/comments?post=1243"}],"version-history":[{"count":1,"href":"https:\/\/blogs.abo.fi\/oppnauniversitetet\/wp-json\/wp\/v2\/posts\/1243\/revisions"}],"predecessor-version":[{"id":1245,"href":"https:\/\/blogs.abo.fi\/oppnauniversitetet\/wp-json\/wp\/v2\/posts\/1243\/revisions\/1245"}],"wp:attachment":[{"href":"https:\/\/blogs.abo.fi\/oppnauniversitetet\/wp-json\/wp\/v2\/media?parent=1243"}],"wp:term":[{"taxonomy":"category","embeddable":true,"href":"https:\/\/blogs.abo.fi\/oppnauniversitetet\/wp-json\/wp\/v2\/categories?post=1243"},{"taxonomy":"post_tag","embeddable":true,"href":"https:\/\/blogs.abo.fi\/oppnauniversitetet\/wp-json\/wp\/v2\/tags?post=1243"}],"curies":[{"name":"wp","href":"https:\/\/api.w.org\/{rel}","templated":true}]}}