{"id":1280,"date":"2020-05-11T07:40:12","date_gmt":"2020-05-11T05:40:12","guid":{"rendered":"http:\/\/blogs.abo.fi\/oppnauniversitetet\/?p=1280"},"modified":"2020-05-11T07:46:38","modified_gmt":"2020-05-11T05:46:38","slug":"personalpresentation-johanna-fredenberg","status":"publish","type":"post","link":"https:\/\/blogs.abo.fi\/oppnauniversitetet\/personalpresentation-johanna-fredenberg\/","title":{"rendered":"Personalpresentation: Johanna Fredenberg"},"content":{"rendered":"<p><a href=\"http:\/\/blogs.abo.fi\/oppnauniversitetet\/files\/2020_Insta_JOhanna_januari.jpg\"><img loading=\"lazy\" decoding=\"async\" class=\"size-full wp-image-1281 aligncenter\" src=\"http:\/\/blogs.abo.fi\/oppnauniversitetet\/files\/2020_Insta_JOhanna_januari.jpg\" alt=\"\" width=\"606\" height=\"720\" srcset=\"https:\/\/blogs.abo.fi\/oppnauniversitetet\/files\/2020_Insta_JOhanna_januari.jpg 606w, https:\/\/blogs.abo.fi\/oppnauniversitetet\/files\/2020_Insta_JOhanna_januari-253x300.jpg 253w\" sizes=\"auto, (max-width: 606px) 100vw, 606px\" \/><\/a>Jag heter Johanna Fredenberg, \u00e4r utbildad bildkonstn\u00e4r och milj\u00f6biolog, och jag arbetar som planerare f\u00f6r naturvetenskaper och h\u00e5llbar utveckling. Jag fungerar ocks\u00e5 som l\u00e4rare<span style=\"text-decoration: line-through\"> i<\/span> p\u00e5 n\u00e4tkurser som ber\u00f6r olika aspekter av h\u00e5llbarhet. I dagens v\u00e4rld kan jag inte t\u00e4nka mig ett viktigare jobb, \u00e4n att f\u00e5 sprida kunskap om hur vi kan leva s\u00e5 att vi tar hand om b\u00e5de planeten och varandra.<br \/>\n<a href=\"https:\/\/www.instagram.com\/explore\/tags\/kontinuerligtl\u00e4rande\/\">#kontinuerligtl\u00e4rande<\/a> <a href=\"https:\/\/www.instagram.com\/explore\/tags\/farmaci\/\">#farmaci <\/a><a href=\"https:\/\/www.instagram.com\/explore\/tags\/h\u00e5llbarutveckling\/\">#h\u00e5llbarutveckling<\/a> <a href=\"https:\/\/www.instagram.com\/explore\/tags\/h\u00e5llbarhetsm\u00e5len\/\">#h\u00e5llbarhetsm\u00e5len<\/a> <a href=\"https:\/\/www.instagram.com\/explore\/tags\/toinenreittiyliopistoon\/\">#toinenreittiyliopistoon<\/a> <a href=\"https:\/\/www.instagram.com\/explore\/tags\/opuleden\/\">#opuleden<\/a> <a href=\"https:\/\/www.instagram.com\/explore\/tags\/naturvetenskaper\/\">#naturvetenskaper<\/a> <a href=\"https:\/\/www.instagram.com\/explore\/tags\/\u00e4ppeltuggan\/\">#\u00e4ppeltuggan<\/a><\/p>\n<p><a href=\"http:\/\/blogs.abo.fi\/oppnauniversitetet\/files\/2019_Insta_JOhanna_oktober.jpg\"><img loading=\"lazy\" decoding=\"async\" class=\"size-full wp-image-1282 aligncenter\" src=\"http:\/\/blogs.abo.fi\/oppnauniversitetet\/files\/2019_Insta_JOhanna_oktober.jpg\" alt=\"\" width=\"665\" height=\"687\" srcset=\"https:\/\/blogs.abo.fi\/oppnauniversitetet\/files\/2019_Insta_JOhanna_oktober.jpg 665w, https:\/\/blogs.abo.fi\/oppnauniversitetet\/files\/2019_Insta_JOhanna_oktober-290x300.jpg 290w\" sizes=\"auto, (max-width: 665px) 100vw, 665px\" \/><\/a><\/p>\n<p>Och s\u00e5 vill alla Johannas kolleger passa p\u00e5 att gratulera Johanna som fyller <strong>50 \u00e5r i dag<\/strong>! Som ni ser har hon v\u00e4rldens mest bed\u00e5rande breda och genuina leende och ben\u00e4mns som<br \/>\n-Positiv, glad<br \/>\n-Hj\u00e4lpsam, arbetsam<br \/>\n-Noggrann, estetisk<\/p>\n<p><a href=\"http:\/\/blogs.abo.fi\/oppnauniversitetet\/files\/2019_Insta_JOhanna_september.jpg\"><img loading=\"lazy\" decoding=\"async\" class=\"alignright size-full wp-image-1283\" src=\"http:\/\/blogs.abo.fi\/oppnauniversitetet\/files\/2019_Insta_JOhanna_september.jpg\" alt=\"\" width=\"706\" height=\"547\" srcset=\"https:\/\/blogs.abo.fi\/oppnauniversitetet\/files\/2019_Insta_JOhanna_september.jpg 706w, https:\/\/blogs.abo.fi\/oppnauniversitetet\/files\/2019_Insta_JOhanna_september-300x232.jpg 300w\" sizes=\"auto, (max-width: 706px) 100vw, 706px\" \/><\/a><\/p>\n<p>&nbsp;<\/p>\n<p>&nbsp;<\/p>\n<p>&nbsp;<\/p>\n<h1>Grattis Johanna!<\/h1>\n<p><a href=\"http:\/\/blogs.abo.fi\/oppnauniversitetet\/files\/2018_FB_planeringsdag_i_Vasa.jpg\"><img loading=\"lazy\" decoding=\"async\" class=\"alignright size-full wp-image-1284\" src=\"http:\/\/blogs.abo.fi\/oppnauniversitetet\/files\/2018_FB_planeringsdag_i_Vasa.jpg\" alt=\"\" width=\"960\" height=\"720\" srcset=\"https:\/\/blogs.abo.fi\/oppnauniversitetet\/files\/2018_FB_planeringsdag_i_Vasa.jpg 960w, https:\/\/blogs.abo.fi\/oppnauniversitetet\/files\/2018_FB_planeringsdag_i_Vasa-300x225.jpg 300w, https:\/\/blogs.abo.fi\/oppnauniversitetet\/files\/2018_FB_planeringsdag_i_Vasa-768x576.jpg 768w\" sizes=\"auto, (max-width: 960px) 100vw, 960px\" \/><\/a><\/p>\n","protected":false},"excerpt":{"rendered":"<p>Jag heter Johanna Fredenberg, \u00e4r utbildad bildkonstn\u00e4r och milj\u00f6biolog, och jag arbetar som planerare f\u00f6r naturvetenskaper och h\u00e5llbar utveckling. Jag fungerar ocks\u00e5 som l\u00e4rare i p\u00e5 n\u00e4tkurser som ber\u00f6r olika aspekter av h\u00e5llbarhet. I dagens v\u00e4rld kan jag inte t\u00e4nka mig ett viktigare jobb, \u00e4n att f\u00e5 sprida kunskap om hur vi kan leva s\u00e5 [&hellip;]<\/p>\n","protected":false},"author":262,"featured_media":0,"comment_status":"open","ping_status":"open","sticky":false,"template":"","format":"standard","meta":{"footnotes":""},"categories":[1],"tags":[],"class_list":["post-1280","post","type-post","status-publish","format-standard","hentry","category-okategoriserade"],"_links":{"self":[{"href":"https:\/\/blogs.abo.fi\/oppnauniversitetet\/wp-json\/wp\/v2\/posts\/1280","targetHints":{"allow":["GET"]}}],"collection":[{"href":"https:\/\/blogs.abo.fi\/oppnauniversitetet\/wp-json\/wp\/v2\/posts"}],"about":[{"href":"https:\/\/blogs.abo.fi\/oppnauniversitetet\/wp-json\/wp\/v2\/types\/post"}],"author":[{"embeddable":true,"href":"https:\/\/blogs.abo.fi\/oppnauniversitetet\/wp-json\/wp\/v2\/users\/262"}],"replies":[{"embeddable":true,"href":"https:\/\/blogs.abo.fi\/oppnauniversitetet\/wp-json\/wp\/v2\/comments?post=1280"}],"version-history":[{"count":3,"href":"https:\/\/blogs.abo.fi\/oppnauniversitetet\/wp-json\/wp\/v2\/posts\/1280\/revisions"}],"predecessor-version":[{"id":1288,"href":"https:\/\/blogs.abo.fi\/oppnauniversitetet\/wp-json\/wp\/v2\/posts\/1280\/revisions\/1288"}],"wp:attachment":[{"href":"https:\/\/blogs.abo.fi\/oppnauniversitetet\/wp-json\/wp\/v2\/media?parent=1280"}],"wp:term":[{"taxonomy":"category","embeddable":true,"href":"https:\/\/blogs.abo.fi\/oppnauniversitetet\/wp-json\/wp\/v2\/categories?post=1280"},{"taxonomy":"post_tag","embeddable":true,"href":"https:\/\/blogs.abo.fi\/oppnauniversitetet\/wp-json\/wp\/v2\/tags?post=1280"}],"curies":[{"name":"wp","href":"https:\/\/api.w.org\/{rel}","templated":true}]}}