{"id":12,"count":12,"description":"H\u00e4r finns alla inl\u00e4gg om v\u00e4lm\u00e5ende.","link":"https:\/\/blogs.abo.fi\/pedagogik-och-lararfortbildning\/category\/amneskategorier\/valmaende\/","name":"V\u00e4lm\u00e5ende","slug":"valmaende","taxonomy":"category","parent":9,"meta":[],"_links":{"self":[{"href":"https:\/\/blogs.abo.fi\/pedagogik-och-lararfortbildning\/wp-json\/wp\/v2\/categories\/12","targetHints":{"allow":["GET"]}}],"collection":[{"href":"https:\/\/blogs.abo.fi\/pedagogik-och-lararfortbildning\/wp-json\/wp\/v2\/categories"}],"about":[{"href":"https:\/\/blogs.abo.fi\/pedagogik-och-lararfortbildning\/wp-json\/wp\/v2\/taxonomies\/category"}],"up":[{"embeddable":true,"href":"https:\/\/blogs.abo.fi\/pedagogik-och-lararfortbildning\/wp-json\/wp\/v2\/categories\/9"}],"wp:post_type":[{"href":"https:\/\/blogs.abo.fi\/pedagogik-och-lararfortbildning\/wp-json\/wp\/v2\/posts?categories=12"}],"curies":[{"name":"wp","href":"https:\/\/api.w.org\/{rel}","templated":true}]}}