{"id":1,"date":"2019-03-15T14:13:26","date_gmt":"2019-03-15T13:13:26","guid":{"rendered":"https:\/\/blogs.abo.fi\/pedagogik-och-lararfortbildning\/?p=1"},"modified":"2019-12-19T10:00:27","modified_gmt":"2019-12-19T09:00:27","slug":"hej-varlden","status":"publish","type":"post","link":"https:\/\/blogs.abo.fi\/pedagogik-och-lararfortbildning\/2019\/03\/15\/hej-varlden\/","title":{"rendered":"Hej v\u00e4rlden!"},"content":{"rendered":"<p><img loading=\"lazy\" decoding=\"async\" class=\"alignnone size-large wp-image-86\" src=\"https:\/\/blogs.abo.fi\/pedagogik-och-lararfortbildning\/files\/2019\/03\/Nature_Mushroom23-1024x325.jpg\" alt=\"\" width=\"525\" height=\"167\" srcset=\"https:\/\/blogs.abo.fi\/pedagogik-och-lararfortbildning\/files\/2019\/03\/Nature_Mushroom23-1024x325.jpg 1024w, https:\/\/blogs.abo.fi\/pedagogik-och-lararfortbildning\/files\/2019\/03\/Nature_Mushroom23-300x95.jpg 300w, https:\/\/blogs.abo.fi\/pedagogik-och-lararfortbildning\/files\/2019\/03\/Nature_Mushroom23-768x244.jpg 768w\" sizes=\"auto, (max-width: 525px) 100vw, 525px\" \/><\/p>\n<p>V\u00e5r blogg ser nu dagens ljus! H\u00e4r kommer vi att fylla p\u00e5 med resultat, forskning och relevant material fr\u00e5n v\u00e5ra projekt och fortbildningar. Tanken \u00e4r att g\u00f6ra v\u00e5r verksamhet mera \u00f6ppen och transparent. H\u00e4r kommer du att kunna ta del av tankar och reflektioner fr\u00e5n s\u00e5v\u00e4l f\u00f6rel\u00e4sare som deltagare. Vem vet, kanske du blir inspirerad eller l\u00e4r dig n\u00e5gonting nytt!<\/p>\n<p>Denna blogg kan l\u00e4sas som den \u00e4r (i kronologisk ordning) men det \u00e4r ocks\u00e5 m\u00f6jligt att sortera inl\u00e4ggen enligt temaomr\u00e5de eller projekt om du letar n\u00e5gonting s\u00e4rskilt.<\/p>\n<p>Finns det fr\u00e5gor g\u00e5r det givetvis att h\u00f6ra av sig s\u00e5 besvarar vi dem snarast m\u00f6jligt!<\/p>\n<p>Mvh.<\/p>\n<p>Stefan, projektsekreterare<\/p>\n","protected":false},"excerpt":{"rendered":"<p>V\u00e5r blogg ser nu dagens ljus! H\u00e4r kommer vi att fylla p\u00e5 med resultat, forskning och relevant material fr\u00e5n v\u00e5ra projekt och fortbildningar. Tanken \u00e4r att g\u00f6ra v\u00e5r verksamhet mera \u00f6ppen och transparent. H\u00e4r kommer du att kunna ta del av tankar och reflektioner fr\u00e5n s\u00e5v\u00e4l f\u00f6rel\u00e4sare som deltagare. Vem vet, kanske du blir inspirerad &hellip; <\/p>\n<p class=\"link-more\"><a href=\"https:\/\/blogs.abo.fi\/pedagogik-och-lararfortbildning\/2019\/03\/15\/hej-varlden\/\" class=\"more-link\">Forts\u00e4tt l\u00e4sa<span class=\"screen-reader-text\"> \u201dHej v\u00e4rlden!\u201d<\/span><\/a><\/p>\n","protected":false},"author":619,"featured_media":0,"comment_status":"open","ping_status":"open","sticky":false,"template":"","format":"standard","meta":{"footnotes":""},"categories":[9,10,1,8],"tags":[],"class_list":["post-1","post","type-post","status-publish","format-standard","hentry","category-amneskategorier","category-digital-kompetens","category-okategoriserade","category-projekt"],"_links":{"self":[{"href":"https:\/\/blogs.abo.fi\/pedagogik-och-lararfortbildning\/wp-json\/wp\/v2\/posts\/1","targetHints":{"allow":["GET"]}}],"collection":[{"href":"https:\/\/blogs.abo.fi\/pedagogik-och-lararfortbildning\/wp-json\/wp\/v2\/posts"}],"about":[{"href":"https:\/\/blogs.abo.fi\/pedagogik-och-lararfortbildning\/wp-json\/wp\/v2\/types\/post"}],"author":[{"embeddable":true,"href":"https:\/\/blogs.abo.fi\/pedagogik-och-lararfortbildning\/wp-json\/wp\/v2\/users\/619"}],"replies":[{"embeddable":true,"href":"https:\/\/blogs.abo.fi\/pedagogik-och-lararfortbildning\/wp-json\/wp\/v2\/comments?post=1"}],"version-history":[{"count":5,"href":"https:\/\/blogs.abo.fi\/pedagogik-och-lararfortbildning\/wp-json\/wp\/v2\/posts\/1\/revisions"}],"predecessor-version":[{"id":101,"href":"https:\/\/blogs.abo.fi\/pedagogik-och-lararfortbildning\/wp-json\/wp\/v2\/posts\/1\/revisions\/101"}],"wp:attachment":[{"href":"https:\/\/blogs.abo.fi\/pedagogik-och-lararfortbildning\/wp-json\/wp\/v2\/media?parent=1"}],"wp:term":[{"taxonomy":"category","embeddable":true,"href":"https:\/\/blogs.abo.fi\/pedagogik-och-lararfortbildning\/wp-json\/wp\/v2\/categories?post=1"},{"taxonomy":"post_tag","embeddable":true,"href":"https:\/\/blogs.abo.fi\/pedagogik-och-lararfortbildning\/wp-json\/wp\/v2\/tags?post=1"}],"curies":[{"name":"wp","href":"https:\/\/api.w.org\/{rel}","templated":true}]}}