{"id":530,"date":"2021-08-09T11:46:14","date_gmt":"2021-08-09T09:46:14","guid":{"rendered":"https:\/\/blogs.abo.fi\/pedagogik-och-lararfortbildning\/?p=530"},"modified":"2021-08-10T07:56:09","modified_gmt":"2021-08-10T05:56:09","slug":"stjarnklart-2-0-pedagogiskt-material-till-barnlitteraturpaket","status":"publish","type":"post","link":"https:\/\/blogs.abo.fi\/pedagogik-och-lararfortbildning\/2021\/08\/09\/stjarnklart-2-0-pedagogiskt-material-till-barnlitteraturpaket\/","title":{"rendered":"Stj\u00e4rnklart 2.0 \u2013 Pedagogiskt material till barnlitteraturpaket"},"content":{"rendered":"<h5><strong>MINIBLOGG<\/strong><\/h5>\n<p><strong>Jobbar du inom sm\u00e5barnspedagogiken och vill ha inspiration f\u00f6r hur man kan jobba med barnlitteratur f\u00f6r att st\u00f6da den socioemotionella kompetensen hos barn? <\/strong><\/p>\n<p>Inom fortbildningshelheten Stj\u00e4rnklart 2.0 har vi utvecklat olika kreativa arbetss\u00e4tt med barnlitteratur om k\u00e4nslor och social interaktion som utg\u00e5ngspunkt. Vi har sammanst\u00e4llt tv\u00e5 litteraturpaket (1-3 \u00e5r och 4-6 \u00e5r) med hj\u00e4lp av l\u00e4sambassad\u00f6rer <strong>Amanda Audas-Kass<\/strong> och <strong>Henrika Andersson<\/strong> och bibliotekspedagog <strong>Tanja Fagerholm<\/strong>. Materialet \u00e4r en del av Stj\u00e4rna 4 \u2013 <em>Samtal om mobbning, styrkor, normer och makt<\/em>.<\/p>\n<p>Klicka p\u00e5 bilden f\u00f6r att komma till materialet.<\/p>\n<p><a href=\"https:\/\/blogs.abo.fi\/pedagogik-och-lararfortbildning\/files\/2021\/08\/stja%CC%88rnklart_2.0_litteraturpaket_bloggen_compressed.pdf\"><img loading=\"lazy\" decoding=\"async\" class=\"alignnone wp-image-533 size-full\" src=\"https:\/\/blogs.abo.fi\/pedagogik-och-lararfortbildning\/files\/2021\/08\/stja\u0308rnklart-portfolio-bloggen-bild.png\" alt=\"Barnlitteraturpaket, STj\u00e4rnklart 2.0\" width=\"960\" height=\"679\" srcset=\"https:\/\/blogs.abo.fi\/pedagogik-och-lararfortbildning\/files\/2021\/08\/stja\u0308rnklart-portfolio-bloggen-bild.png 960w, https:\/\/blogs.abo.fi\/pedagogik-och-lararfortbildning\/files\/2021\/08\/stja\u0308rnklart-portfolio-bloggen-bild-300x212.png 300w, https:\/\/blogs.abo.fi\/pedagogik-och-lararfortbildning\/files\/2021\/08\/stja\u0308rnklart-portfolio-bloggen-bild-768x543.png 768w\" sizes=\"auto, (max-width: 767px) 89vw, (max-width: 1000px) 54vw, (max-width: 1071px) 543px, 580px\" \/><\/a><\/p>\n<p style=\"text-align: center\">Litteraturpaketen har delats ut till deltagarna med st\u00f6d av Stiftelsen Brita Maria Renlunds minne sr.<\/p>\n<p><img loading=\"lazy\" decoding=\"async\" class=\"alignnone wp-image-539 size-thumbnail aligncenter\" src=\"https:\/\/blogs.abo.fi\/pedagogik-och-lararfortbildning\/files\/2021\/08\/vit-Brita-Maria-Renlund-logo-standard-150x150.png\" alt=\"\" width=\"150\" height=\"150\" srcset=\"https:\/\/blogs.abo.fi\/pedagogik-och-lararfortbildning\/files\/2021\/08\/vit-Brita-Maria-Renlund-logo-standard-150x150.png 150w, https:\/\/blogs.abo.fi\/pedagogik-och-lararfortbildning\/files\/2021\/08\/vit-Brita-Maria-Renlund-logo-standard-300x300.png 300w, https:\/\/blogs.abo.fi\/pedagogik-och-lararfortbildning\/files\/2021\/08\/vit-Brita-Maria-Renlund-logo-standard-768x768.png 768w, https:\/\/blogs.abo.fi\/pedagogik-och-lararfortbildning\/files\/2021\/08\/vit-Brita-Maria-Renlund-logo-standard-100x100.png 100w, https:\/\/blogs.abo.fi\/pedagogik-och-lararfortbildning\/files\/2021\/08\/vit-Brita-Maria-Renlund-logo-standard.png 1000w\" sizes=\"auto, (max-width: 150px) 100vw, 150px\" \/><\/p>\n<p style=\"text-align: center\">Stj\u00e4rnklart 2.0 finansieras av Utbildningsstyrelsen<\/p>\n<p data-wp-editing=\"1\"><img loading=\"lazy\" decoding=\"async\" class=\"alignnone wp-image-541 size-thumbnail aligncenter\" src=\"https:\/\/blogs.abo.fi\/pedagogik-och-lararfortbildning\/files\/2021\/08\/OPH_finansierar_valk-150x150.png\" alt=\"\" width=\"150\" height=\"150\" srcset=\"https:\/\/blogs.abo.fi\/pedagogik-och-lararfortbildning\/files\/2021\/08\/OPH_finansierar_valk-150x150.png 150w, https:\/\/blogs.abo.fi\/pedagogik-och-lararfortbildning\/files\/2021\/08\/OPH_finansierar_valk-100x100.png 100w\" sizes=\"auto, (max-width: 150px) 100vw, 150px\" \/><\/p>\n","protected":false},"excerpt":{"rendered":"<p>MINIBLOGG Jobbar du inom sm\u00e5barnspedagogiken och vill ha inspiration f\u00f6r hur man kan jobba med barnlitteratur f\u00f6r att st\u00f6da den socioemotionella kompetensen hos barn? Inom fortbildningshelheten Stj\u00e4rnklart 2.0 har vi utvecklat olika kreativa arbetss\u00e4tt med barnlitteratur om k\u00e4nslor och social interaktion som utg\u00e5ngspunkt. Vi har sammanst\u00e4llt tv\u00e5 litteraturpaket (1-3 \u00e5r och 4-6 \u00e5r) med hj\u00e4lp &hellip; <\/p>\n<p class=\"link-more\"><a href=\"https:\/\/blogs.abo.fi\/pedagogik-och-lararfortbildning\/2021\/08\/09\/stjarnklart-2-0-pedagogiskt-material-till-barnlitteraturpaket\/\" class=\"more-link\">Forts\u00e4tt l\u00e4sa<span class=\"screen-reader-text\"> \u201dStj\u00e4rnklart 2.0 \u2013 Pedagogiskt material till barnlitteraturpaket\u201d<\/span><\/a><\/p>\n","protected":false},"author":715,"featured_media":0,"comment_status":"open","ping_status":"open","sticky":false,"template":"","format":"standard","meta":{"footnotes":""},"categories":[1,3,12],"tags":[29,28,39,43,38,27,34],"class_list":["post-530","post","type-post","status-publish","format-standard","hentry","category-okategoriserade","category-smabarnspedagogik-och-forskola","category-valmaende","tag-centret-for-livslangt-larande","tag-cll","tag-forskola","tag-fortbildning","tag-kollegialt-larande","tag-pedagogik-och-lararfortbildning","tag-smabarnspedagogik"],"_links":{"self":[{"href":"https:\/\/blogs.abo.fi\/pedagogik-och-lararfortbildning\/wp-json\/wp\/v2\/posts\/530","targetHints":{"allow":["GET"]}}],"collection":[{"href":"https:\/\/blogs.abo.fi\/pedagogik-och-lararfortbildning\/wp-json\/wp\/v2\/posts"}],"about":[{"href":"https:\/\/blogs.abo.fi\/pedagogik-och-lararfortbildning\/wp-json\/wp\/v2\/types\/post"}],"author":[{"embeddable":true,"href":"https:\/\/blogs.abo.fi\/pedagogik-och-lararfortbildning\/wp-json\/wp\/v2\/users\/715"}],"replies":[{"embeddable":true,"href":"https:\/\/blogs.abo.fi\/pedagogik-och-lararfortbildning\/wp-json\/wp\/v2\/comments?post=530"}],"version-history":[{"count":9,"href":"https:\/\/blogs.abo.fi\/pedagogik-och-lararfortbildning\/wp-json\/wp\/v2\/posts\/530\/revisions"}],"predecessor-version":[{"id":547,"href":"https:\/\/blogs.abo.fi\/pedagogik-och-lararfortbildning\/wp-json\/wp\/v2\/posts\/530\/revisions\/547"}],"wp:attachment":[{"href":"https:\/\/blogs.abo.fi\/pedagogik-och-lararfortbildning\/wp-json\/wp\/v2\/media?parent=530"}],"wp:term":[{"taxonomy":"category","embeddable":true,"href":"https:\/\/blogs.abo.fi\/pedagogik-och-lararfortbildning\/wp-json\/wp\/v2\/categories?post=530"},{"taxonomy":"post_tag","embeddable":true,"href":"https:\/\/blogs.abo.fi\/pedagogik-och-lararfortbildning\/wp-json\/wp\/v2\/tags?post=530"}],"curies":[{"name":"wp","href":"https:\/\/api.w.org\/{rel}","templated":true}]}}