{"id":739,"date":"2022-04-12T11:35:04","date_gmt":"2022-04-12T09:35:04","guid":{"rendered":"https:\/\/blogs.abo.fi\/pedagogik-och-lararfortbildning\/?p=739"},"modified":"2022-04-12T11:35:04","modified_gmt":"2022-04-12T09:35:04","slug":"laropussel-2-0-malstyrd-verksamhet","status":"publish","type":"post","link":"https:\/\/blogs.abo.fi\/pedagogik-och-lararfortbildning\/2022\/04\/12\/laropussel-2-0-malstyrd-verksamhet\/","title":{"rendered":"L\u00e4ropussel 2.0 \u2013 M\u00e5lstyrd verksamhet"},"content":{"rendered":"<div class=\"kvgmc6g5 cxmmr5t8 oygrvhab hcukyx3x c1et5uql ii04i59q\">\n<div dir=\"auto\">\n<h5><strong>MINIBLOGG<\/strong><\/h5>\n<\/div>\n<div dir=\"auto\"><\/div>\n<div dir=\"auto\">I fortbildningshelheten L\u00e4ropussel 2.0 har vi som m\u00e5l att st\u00f6dja personal inom sm\u00e5barnspedagogik att integrera l\u00e4romr\u00e5den i den pedagogiska verksamheten.<\/div>\n<\/div>\n<p>&nbsp;<\/p>\n<div dir=\"auto\"><\/div>\n<div class=\"cxmmr5t8 oygrvhab hcukyx3x c1et5uql o9v6fnle ii04i59q\">\n<div dir=\"auto\">I den h\u00e4r filmen ber\u00e4ttar fyra deltagare om vad m\u00e5lstyrd verksamhet inneb\u00e4r f\u00f6r dem och hur L\u00e4ropussel 2.0 hj\u00e4lpt dem att bygga upp en m\u00e5lstyrd verksamhet d\u00e4r barnens delaktighet utg\u00f6r k\u00e4rnan.<\/div>\n<\/div>\n<div class=\"cxmmr5t8 oygrvhab hcukyx3x c1et5uql o9v6fnle ii04i59q\">\n<div dir=\"auto\"><\/div>\n<\/div>\n<p>&nbsp;<\/p>\n<p><iframe loading=\"lazy\" title=\"L\u00e4ropussel 2.0 \u2013 M\u00e5lstyrd verksamhet\" width=\"525\" height=\"394\" src=\"https:\/\/www.youtube.com\/embed\/0njnw2JjUAA?feature=oembed\" frameborder=\"0\" allow=\"accelerometer; autoplay; clipboard-write; encrypted-media; gyroscope; picture-in-picture; web-share\" referrerpolicy=\"strict-origin-when-cross-origin\" allowfullscreen><\/iframe><\/p>\n<div dir=\"auto\">Fortbildningen finansieras av Utbildningsstyrelsen.<\/div>\n<div dir=\"auto\"><\/div>\n<div dir=\"auto\"><\/div>\n<div dir=\"auto\"><\/div>\n<p>&nbsp;<\/p>\n<div dir=\"auto\"><img loading=\"lazy\" decoding=\"async\" class=\"aligncenter wp-image-541 size-thumbnail\" src=\"https:\/\/blogs.abo.fi\/pedagogik-och-lararfortbildning\/files\/2021\/08\/OPH_finansierar_valk-150x150.png\" alt=\"\" width=\"150\" height=\"150\" srcset=\"https:\/\/blogs.abo.fi\/pedagogik-och-lararfortbildning\/files\/2021\/08\/OPH_finansierar_valk-150x150.png 150w, https:\/\/blogs.abo.fi\/pedagogik-och-lararfortbildning\/files\/2021\/08\/OPH_finansierar_valk-100x100.png 100w\" sizes=\"auto, (max-width: 150px) 100vw, 150px\" \/><\/div>\n<div dir=\"auto\"><\/div>\n","protected":false},"excerpt":{"rendered":"<p>MINIBLOGG I fortbildningshelheten L\u00e4ropussel 2.0 har vi som m\u00e5l att st\u00f6dja personal inom sm\u00e5barnspedagogik att integrera l\u00e4romr\u00e5den i den pedagogiska verksamheten. &nbsp; I den h\u00e4r filmen ber\u00e4ttar fyra deltagare om vad m\u00e5lstyrd verksamhet inneb\u00e4r f\u00f6r dem och hur L\u00e4ropussel 2.0 hj\u00e4lpt dem att bygga upp en m\u00e5lstyrd verksamhet d\u00e4r barnens delaktighet utg\u00f6r k\u00e4rnan. &nbsp; Fortbildningen &hellip; <\/p>\n<p class=\"link-more\"><a href=\"https:\/\/blogs.abo.fi\/pedagogik-och-lararfortbildning\/2022\/04\/12\/laropussel-2-0-malstyrd-verksamhet\/\" class=\"more-link\">Forts\u00e4tt l\u00e4sa<span class=\"screen-reader-text\"> \u201dL\u00e4ropussel 2.0 \u2013 M\u00e5lstyrd verksamhet\u201d<\/span><\/a><\/p>\n","protected":false},"author":715,"featured_media":0,"comment_status":"open","ping_status":"open","sticky":false,"template":"","format":"standard","meta":{"footnotes":""},"categories":[2,1,3],"tags":[29,28,71,66,39,43,27,34],"class_list":["post-739","post","type-post","status-publish","format-standard","hentry","category-fortbildning","category-okategoriserade","category-smabarnspedagogik-och-forskola","tag-centret-for-livslangt-larande","tag-cll","tag-daghem","tag-distansundervisning","tag-forskola","tag-fortbildning","tag-pedagogik-och-lararfortbildning","tag-smabarnspedagogik"],"_links":{"self":[{"href":"https:\/\/blogs.abo.fi\/pedagogik-och-lararfortbildning\/wp-json\/wp\/v2\/posts\/739","targetHints":{"allow":["GET"]}}],"collection":[{"href":"https:\/\/blogs.abo.fi\/pedagogik-och-lararfortbildning\/wp-json\/wp\/v2\/posts"}],"about":[{"href":"https:\/\/blogs.abo.fi\/pedagogik-och-lararfortbildning\/wp-json\/wp\/v2\/types\/post"}],"author":[{"embeddable":true,"href":"https:\/\/blogs.abo.fi\/pedagogik-och-lararfortbildning\/wp-json\/wp\/v2\/users\/715"}],"replies":[{"embeddable":true,"href":"https:\/\/blogs.abo.fi\/pedagogik-och-lararfortbildning\/wp-json\/wp\/v2\/comments?post=739"}],"version-history":[{"count":9,"href":"https:\/\/blogs.abo.fi\/pedagogik-och-lararfortbildning\/wp-json\/wp\/v2\/posts\/739\/revisions"}],"predecessor-version":[{"id":753,"href":"https:\/\/blogs.abo.fi\/pedagogik-och-lararfortbildning\/wp-json\/wp\/v2\/posts\/739\/revisions\/753"}],"wp:attachment":[{"href":"https:\/\/blogs.abo.fi\/pedagogik-och-lararfortbildning\/wp-json\/wp\/v2\/media?parent=739"}],"wp:term":[{"taxonomy":"category","embeddable":true,"href":"https:\/\/blogs.abo.fi\/pedagogik-och-lararfortbildning\/wp-json\/wp\/v2\/categories?post=739"},{"taxonomy":"post_tag","embeddable":true,"href":"https:\/\/blogs.abo.fi\/pedagogik-och-lararfortbildning\/wp-json\/wp\/v2\/tags?post=739"}],"curies":[{"name":"wp","href":"https:\/\/api.w.org\/{rel}","templated":true}]}}