{"id":804,"date":"2022-05-27T09:16:44","date_gmt":"2022-05-27T07:16:44","guid":{"rendered":"https:\/\/blogs.abo.fi\/pedagogik-och-lararfortbildning\/?p=804"},"modified":"2022-05-27T09:18:06","modified_gmt":"2022-05-27T07:18:06","slug":"mediaverkstaden-2","status":"publish","type":"post","link":"https:\/\/blogs.abo.fi\/pedagogik-och-lararfortbildning\/2022\/05\/27\/mediaverkstaden-2\/","title":{"rendered":"Mediaverkstaden"},"content":{"rendered":"<h5><strong>MINIBLOGG<\/strong><\/h5>\n<p class=\"p1\"><span class=\"s1\">Vi \u00e4r mitt uppe i Mediaverkstadens tredje modul <\/span>\u2013 <strong>Skapa film f\u00f6r och i undervisningen<\/strong>. Modulen inleddes med tv\u00e5 workshopar med Simon Staffans, ReThink NMS. Modulen inneh\u00e5ller dessa tillf\u00e4llen:<\/p>\n<ul>\n<li class=\"li1\">Skapa film<\/li>\n<li class=\"li1\">Popularisering av magisteravhandlingar<\/li>\n<li class=\"li1\">Filmproduktion i undervisningen<\/li>\n<li class=\"li1\">Olika typer av film i undervisningen<\/li>\n<li class=\"li1\">Filmeditering<\/li>\n<li class=\"li1\">Programmering<\/li>\n<li class=\"li1\">Animering<\/li>\n<\/ul>\n<p class=\"p1\">I den h\u00e4r modulen fokuserar vi p\u00e5 att ge verktyg f\u00f6r hur man kan implementera formativa arbetss\u00e4tt i undervisningen. L\u00e4rarna har ocks\u00e5 f\u00e5tt med sig konkreta verktyg som ber\u00f6r filmproduktion och manusskapande.<span class=\"Apple-converted-space\">\u00a0<\/span><\/p>\n<p class=\"p1\">H\u00e4r ser ni ett exempel p\u00e5 hur man kan t\u00e4nka vid ljuss\u00e4ttning av en filmproduktion.<span class=\"Apple-converted-space\">\u00a0<\/span><\/p>\n<p><img loading=\"lazy\" decoding=\"async\" class=\"aligncenter wp-image-805 size-full\" src=\"https:\/\/blogs.abo.fi\/pedagogik-och-lararfortbildning\/files\/2022\/05\/Ljussa\u0308ttning.gif\" alt=\"\" width=\"1080\" height=\"1080\" \/><\/p>\n<p><img loading=\"lazy\" decoding=\"async\" class=\"aligncenter wp-image-808 size-full\" src=\"https:\/\/blogs.abo.fi\/pedagogik-och-lararfortbildning\/files\/2022\/05\/6.jpg\" alt=\"\" width=\"1125\" height=\"1125\" srcset=\"https:\/\/blogs.abo.fi\/pedagogik-och-lararfortbildning\/files\/2022\/05\/6.jpg 1125w, https:\/\/blogs.abo.fi\/pedagogik-och-lararfortbildning\/files\/2022\/05\/6-300x300.jpg 300w, https:\/\/blogs.abo.fi\/pedagogik-och-lararfortbildning\/files\/2022\/05\/6-1024x1024.jpg 1024w, https:\/\/blogs.abo.fi\/pedagogik-och-lararfortbildning\/files\/2022\/05\/6-150x150.jpg 150w, https:\/\/blogs.abo.fi\/pedagogik-och-lararfortbildning\/files\/2022\/05\/6-768x768.jpg 768w, https:\/\/blogs.abo.fi\/pedagogik-och-lararfortbildning\/files\/2022\/05\/6-100x100.jpg 100w\" sizes=\"auto, (max-width: 767px) 89vw, (max-width: 1000px) 54vw, (max-width: 1071px) 543px, 580px\" \/><\/p>\n<p><img loading=\"lazy\" decoding=\"async\" class=\"aligncenter wp-image-725 size-thumbnail\" src=\"https:\/\/blogs.abo.fi\/pedagogik-och-lararfortbildning\/files\/2022\/04\/MV-inverterad-logo-150x150.png\" alt=\"\" width=\"150\" height=\"150\" srcset=\"https:\/\/blogs.abo.fi\/pedagogik-och-lararfortbildning\/files\/2022\/04\/MV-inverterad-logo-150x150.png 150w, https:\/\/blogs.abo.fi\/pedagogik-och-lararfortbildning\/files\/2022\/04\/MV-inverterad-logo-300x300.png 300w, https:\/\/blogs.abo.fi\/pedagogik-och-lararfortbildning\/files\/2022\/04\/MV-inverterad-logo-1024x1024.png 1024w, https:\/\/blogs.abo.fi\/pedagogik-och-lararfortbildning\/files\/2022\/04\/MV-inverterad-logo-768x768.png 768w, https:\/\/blogs.abo.fi\/pedagogik-och-lararfortbildning\/files\/2022\/04\/MV-inverterad-logo-100x100.png 100w, https:\/\/blogs.abo.fi\/pedagogik-och-lararfortbildning\/files\/2022\/04\/MV-inverterad-logo.png 1500w\" sizes=\"auto, (max-width: 150px) 100vw, 150px\" \/><img loading=\"lazy\" decoding=\"async\" class=\"aligncenter wp-image-541 size-thumbnail\" src=\"https:\/\/blogs.abo.fi\/pedagogik-och-lararfortbildning\/files\/2021\/08\/OPH_finansierar_valk-150x150.png\" alt=\"\" width=\"150\" height=\"150\" srcset=\"https:\/\/blogs.abo.fi\/pedagogik-och-lararfortbildning\/files\/2021\/08\/OPH_finansierar_valk-150x150.png 150w, https:\/\/blogs.abo.fi\/pedagogik-och-lararfortbildning\/files\/2021\/08\/OPH_finansierar_valk-100x100.png 100w\" sizes=\"auto, (max-width: 150px) 100vw, 150px\" \/><\/p>\n","protected":false},"excerpt":{"rendered":"<p>MINIBLOGG Vi \u00e4r mitt uppe i Mediaverkstadens tredje modul \u2013 Skapa film f\u00f6r och i undervisningen. Modulen inleddes med tv\u00e5 workshopar med Simon Staffans, ReThink NMS. Modulen inneh\u00e5ller dessa tillf\u00e4llen: Skapa film Popularisering av magisteravhandlingar Filmproduktion i undervisningen Olika typer av film i undervisningen Filmeditering Programmering Animering I den h\u00e4r modulen fokuserar vi p\u00e5 att &hellip; <\/p>\n<p class=\"link-more\"><a href=\"https:\/\/blogs.abo.fi\/pedagogik-och-lararfortbildning\/2022\/05\/27\/mediaverkstaden-2\/\" class=\"more-link\">Forts\u00e4tt l\u00e4sa<span class=\"screen-reader-text\"> \u201dMediaverkstaden\u201d<\/span><\/a><\/p>\n","protected":false},"author":715,"featured_media":0,"comment_status":"open","ping_status":"open","sticky":false,"template":"","format":"standard","meta":{"footnotes":""},"categories":[10,5,1],"tags":[101,29,28,102,30,37,65,66,39,43,94,91,67,40,98,27,35],"class_list":["post-804","post","type-post","status-publish","format-standard","hentry","category-digital-kompetens","category-grundlaggande-utbildning","category-okategoriserade","tag-abo-akademi","tag-centret-for-livslangt-larande","tag-cll","tag-digipep","tag-digital-kompetens","tag-digitalisering","tag-distansarbete","tag-distansundervisning","tag-forskola","tag-fortbildning","tag-grundskola","tag-larare","tag-lararfortbildning","tag-laroplan","tag-material","tag-pedagogik-och-lararfortbildning","tag-tutorlarare"],"_links":{"self":[{"href":"https:\/\/blogs.abo.fi\/pedagogik-och-lararfortbildning\/wp-json\/wp\/v2\/posts\/804","targetHints":{"allow":["GET"]}}],"collection":[{"href":"https:\/\/blogs.abo.fi\/pedagogik-och-lararfortbildning\/wp-json\/wp\/v2\/posts"}],"about":[{"href":"https:\/\/blogs.abo.fi\/pedagogik-och-lararfortbildning\/wp-json\/wp\/v2\/types\/post"}],"author":[{"embeddable":true,"href":"https:\/\/blogs.abo.fi\/pedagogik-och-lararfortbildning\/wp-json\/wp\/v2\/users\/715"}],"replies":[{"embeddable":true,"href":"https:\/\/blogs.abo.fi\/pedagogik-och-lararfortbildning\/wp-json\/wp\/v2\/comments?post=804"}],"version-history":[{"count":2,"href":"https:\/\/blogs.abo.fi\/pedagogik-och-lararfortbildning\/wp-json\/wp\/v2\/posts\/804\/revisions"}],"predecessor-version":[{"id":809,"href":"https:\/\/blogs.abo.fi\/pedagogik-och-lararfortbildning\/wp-json\/wp\/v2\/posts\/804\/revisions\/809"}],"wp:attachment":[{"href":"https:\/\/blogs.abo.fi\/pedagogik-och-lararfortbildning\/wp-json\/wp\/v2\/media?parent=804"}],"wp:term":[{"taxonomy":"category","embeddable":true,"href":"https:\/\/blogs.abo.fi\/pedagogik-och-lararfortbildning\/wp-json\/wp\/v2\/categories?post=804"},{"taxonomy":"post_tag","embeddable":true,"href":"https:\/\/blogs.abo.fi\/pedagogik-och-lararfortbildning\/wp-json\/wp\/v2\/tags?post=804"}],"curies":[{"name":"wp","href":"https:\/\/api.w.org\/{rel}","templated":true}]}}