{"id":1387,"date":"2019-02-10T15:50:04","date_gmt":"2019-02-10T14:50:04","guid":{"rendered":"http:\/\/blogs.abo.fi\/personalbloggen\/?p=1387"},"modified":"2019-02-12T09:55:52","modified_gmt":"2019-02-12T08:55:52","slug":"1387","status":"publish","type":"post","link":"https:\/\/blogs.abo.fi\/personalbloggen\/2019\/02\/10\/1387\/","title":{"rendered":"ASINDA!"},"content":{"rendered":"<p><img loading=\"lazy\" decoding=\"async\" class=\"alignleft size-full wp-image-1342\" src=\"http:\/\/blogs.abo.fi\/personalbloggen\/files\/2018\/12\/Salmi_2018.jpg\" alt=\"Tapio Salmi\" width=\"170\" height=\"220\" \/>ASINDA \u00e4r Axels och Stinas industridag, en m\u00f6tesplats d\u00e4r teknologerna kan tr\u00e4ffa industrins representanter, bekanta sig med arbetslivet och skapa kontakter som kan leda till en framtida anst\u00e4llning. Igen var ASINDA mycket v\u00e4lbes\u00f6kt.<\/p>\n<p>Kemisk-tekniska fakulteten (KTF) vid \u00c5bo Akademi grundades 1920. Vi har 99 framg\u00e5ngsrika \u00e5r bakom oss. D\u00e5 KTF grundades, fanns det m\u00e5nga motst\u00e5ndare till KTF vid \u00c5bo Akademi och en aktiv, ibland till och med upphetsad debatt p\u00e5gick p\u00e5 \u00c5bo Underr\u00e4ttelsens spalter. Det blir f\u00f6r dyrt, f\u00f6r laboratorier beh\u00f6vs p\u00e5stod n\u00e5gra som ans\u00e5g sig vara \u00e4kta humanister. I sj\u00e4lva verket tyckte de att det inte var tillr\u00e4ckligt fint att ha en teknisk fakultet vid ett klassiskt universitet; den r\u00e5dande europeiska traditionen var att man hade m\u00e5ngdisciplin\u00e4ra universitet och tekniska h\u00f6gskolor skilt. \u00c4nd\u00e5 vann de fram\u00e5triktade krafterna kampen och KTF grundades och snart blev KTF en \u2019br\u00e4nd\u2019. D\u00e5 utbildningsprogrammet vid KTF planerades, konsulterades den v\u00e4rldsber\u00f6mda kemisten, professor Svante Arrhenius fr\u00e5n uppsala universitet. Han var Nobelpristagare i kemi.<\/p>\n<p>God yrkesutbildning och avancerad forskning \u00e4r n\u00e5gonting som har kombinerats vid fakulteten genom alla tider. Diplomingenj\u00f6rer som utbildats vid \u00c5bo Akademi har haft och fortfarande har ett mycket gott rykte p\u00e5 arbetsmarknaden och kemi- och processteknik vid \u00c5bo Akademi \u00e4r k\u00e4nd via sina framst\u00e5ende forskare och professorer inom vetenskapssamfundet. Ofta f\u00e5r vi l\u00e4sa om pris som v\u00e5ra forskare har f\u00e5tt i Finland och p\u00e5 den internationella arenan.<\/p>\n<p>Dock vill jag p\u00e5st\u00e5, att en h\u00f6gklassig utbildning ska vara k\u00e4rnan f\u00f6r v\u00e5r verksamhet, idag och i morgon. Genom att utbilda kreativ och professionellt kunnig arbetskraft betj\u00e4nar vi b\u00e4st fosterlandet och hela v\u00e4rlden. Globalt t\u00e4nkande har l\u00e4nge varit karakteristiskt f\u00f6r v\u00e5ra alumner; m\u00e5nga av dem har gjort karri\u00e4r i utomlands, m\u00e5nga har ocks\u00e5 \u00e5terv\u00e4nt till Finland.<\/p>\n<p>Just nu upplever Sydv\u00e4stra Finland ett starkt ekonomiskt uppsving: varvsindustrin blomstrar och bilindustrin expanderar. Detta skapar arbete och tillv\u00e4xt f\u00f6r hela regionen och ingenj\u00f6rer av alla m\u00f6jliga beh\u00f6vs, fr\u00e5n maskinteknik, elektronik och IT till kemi- och processteknologi. Ett modert fartyg \u00e4r\u00a0 en liten stad med en mycket avancerarad infrastruktur; inredning, akustik, avgasrening, energifr\u00e5gor &#8211; allt detta \u00e4r aktuellt d\u00e5 v\u00e4rldens b\u00e4sta lyxkryssare designas p\u00e5 \u00c5bovarvet. Vi har brist p\u00e5 diplomingenj\u00f6rer i regionen;\u00a0 diplomingenj\u00f6rsutbildningen ska b\u00e5de expanderas och g\u00f6ras bredare s\u00e5 att vi garanterar tillv\u00e4xt och utveckling av h\u00f6gteknologin \u00e4ven p\u00e5 l\u00e4ngre sikt.<\/p>\n<p>I dagens v\u00e4rld lever vi i en global omgivning och under en st\u00e4ndigt h\u00e5rdnande konkurrens. Samtidigt ska vi l\u00f6sa stora framtidsfr\u00e5gor: utveckla nya processer och produkter baserade p\u00e5 f\u00f6rnyelsebara naturtillg\u00e5ngar, utveckla energieffektiva l\u00f6sningar, minimera utsl\u00e4pp, bek\u00e4mpa mot klimatf\u00f6r\u00e4ndringen och minskande biodiversitet. Ingen kan g\u00f6ra detta ensam utan n\u00e4tverk, samarbete, globalt t\u00e4nkande och loka aktioner \u00e4r n\u00f6dv\u00e4ndiga.<\/p>\n<p>Framtidens industri ska leva i harmoni med biosf\u00e4ren. D\u00e4r ska Axlar och Stinor ge sitt bidrag. Jag hade gl\u00e4djen att \u00f6ppna ASINDA 2019 den 1 februari 2019.<\/p>\n<p>&nbsp;<\/p>\n<p>Tapio Salmi<\/p>\n<p>Skribenten \u00e4r akademiprofessor<\/p>\n","protected":false},"excerpt":{"rendered":"<p>ASINDA \u00e4r Axels och Stinas industridag, en m\u00f6tesplats d\u00e4r teknologerna kan tr\u00e4ffa industrins representanter, bekanta sig med arbetslivet och skapa kontakter som kan leda till en framtida anst\u00e4llning. Igen var ASINDA mycket v\u00e4lbes\u00f6kt. Kemisk-tekniska fakulteten (KTF) vid \u00c5bo Akademi grundades 1920. Vi har 99 framg\u00e5ngsrika \u00e5r bakom oss. D\u00e5 KTF grundades, fanns det m\u00e5nga motst\u00e5ndare [&hellip;]<\/p>\n","protected":false},"author":102,"featured_media":0,"comment_status":"open","ping_status":"open","sticky":false,"template":"","format":"standard","meta":{"footnotes":""},"categories":[127],"tags":[],"class_list":["post-1387","post","type-post","status-publish","format-standard","hentry","category-forskarbloggare"],"_links":{"self":[{"href":"https:\/\/blogs.abo.fi\/personalbloggen\/wp-json\/wp\/v2\/posts\/1387","targetHints":{"allow":["GET"]}}],"collection":[{"href":"https:\/\/blogs.abo.fi\/personalbloggen\/wp-json\/wp\/v2\/posts"}],"about":[{"href":"https:\/\/blogs.abo.fi\/personalbloggen\/wp-json\/wp\/v2\/types\/post"}],"author":[{"embeddable":true,"href":"https:\/\/blogs.abo.fi\/personalbloggen\/wp-json\/wp\/v2\/users\/102"}],"replies":[{"embeddable":true,"href":"https:\/\/blogs.abo.fi\/personalbloggen\/wp-json\/wp\/v2\/comments?post=1387"}],"version-history":[{"count":3,"href":"https:\/\/blogs.abo.fi\/personalbloggen\/wp-json\/wp\/v2\/posts\/1387\/revisions"}],"predecessor-version":[{"id":1392,"href":"https:\/\/blogs.abo.fi\/personalbloggen\/wp-json\/wp\/v2\/posts\/1387\/revisions\/1392"}],"wp:attachment":[{"href":"https:\/\/blogs.abo.fi\/personalbloggen\/wp-json\/wp\/v2\/media?parent=1387"}],"wp:term":[{"taxonomy":"category","embeddable":true,"href":"https:\/\/blogs.abo.fi\/personalbloggen\/wp-json\/wp\/v2\/categories?post=1387"},{"taxonomy":"post_tag","embeddable":true,"href":"https:\/\/blogs.abo.fi\/personalbloggen\/wp-json\/wp\/v2\/tags?post=1387"}],"curies":[{"name":"wp","href":"https:\/\/api.w.org\/{rel}","templated":true}]}}