{"id":57,"date":"2011-03-17T13:46:24","date_gmt":"2011-03-17T11:46:24","guid":{"rendered":"http:\/\/blogs.abo.fi\/phagman\/?p=57"},"modified":"2011-03-17T13:46:24","modified_gmt":"2011-03-17T11:46:24","slug":"gustaf-wingren-mina-fem-universitet-minnen","status":"publish","type":"post","link":"https:\/\/blogs.abo.fi\/phagman\/2011\/03\/17\/gustaf-wingren-mina-fem-universitet-minnen\/","title":{"rendered":"Gustaf Wingren: Mina fem universitet &#8211; minnen"},"content":{"rendered":"<p>Jag l\u00e4ste denna som f\u00f6rberedelse f\u00f6r en av de <a href=\"http:\/\/blogs.abo.fi\/phagman\/2011\/03\/04\/teaching-next-year\/\">kurser<\/a> jag ska h\u00e5lla i h\u00f6st. Wingren \u00e4r kanske Sveriges b\u00e4sta teolog p\u00e5 1900-talet och det h\u00e4r \u00e4r hans memoarer. Det \u00e4r en ganska oj\u00e4mn aff\u00e4r, f\u00f6r Wingren f\u00f6rs\u00f6ker p\u00e5 samma g\u00e5ng ber\u00e4tta om sitt liv som han f\u00f6rs\u00f6ker ge en \u00f6verblick \u00f6ver hans teologi samt (mycket) kritik av den svenska universitetsteologin. Den bild av honom sj\u00e4lv Wingren ger k\u00e4nns kanske inte riktigt trov\u00e4rdig, och man har nog mycket nytta av att l\u00e4sa Bengt Kristianson Ugglas biografi ocks\u00e5. Men man f\u00e5r inblick i svensk 1900-tals teologi, speciellt lundaskolan och en del intressanta perspektiv p\u00e5 den tyska och danska teologin ocks\u00e5. Boken ger ocks\u00e5 en hel del intressanta saker att t\u00e4nka p\u00e5 n\u00e4r det g\u00e4ller f\u00f6rh\u00e5llandet mellan kyrka och akademi, men eftersom det \u00e4r ett av temana jag vill behandla p\u00e5 kursen skall jag inte g\u00e5 i p\u00e5 det h\u00e4r. Boken kom ut 1991, n\u00e4r Wingren var 84.<\/p>\n","protected":false},"excerpt":{"rendered":"<p>Jag l\u00e4ste denna som f\u00f6rberedelse f\u00f6r en av de kurser jag ska h\u00e5lla i h\u00f6st. Wingren \u00e4r kanske Sveriges b\u00e4sta teolog p\u00e5 1900-talet och det h\u00e4r \u00e4r hans memoarer. Det \u00e4r en ganska oj\u00e4mn aff\u00e4r, f\u00f6r Wingren f\u00f6rs\u00f6ker p\u00e5 samma &hellip; <a href=\"https:\/\/blogs.abo.fi\/phagman\/2011\/03\/17\/gustaf-wingren-mina-fem-universitet-minnen\/\">Forts\u00e4tt l\u00e4sa <span class=\"meta-nav\">&rarr;<\/span><\/a><\/p>\n","protected":false},"author":71,"featured_media":0,"comment_status":"open","ping_status":"open","sticky":false,"template":"","format":"standard","meta":{"footnotes":""},"categories":[9,5,8],"tags":[],"class_list":["post-57","post","type-post","status-publish","format-standard","hentry","category-books-read","category-theology-general","category-work"],"_links":{"self":[{"href":"https:\/\/blogs.abo.fi\/phagman\/wp-json\/wp\/v2\/posts\/57","targetHints":{"allow":["GET"]}}],"collection":[{"href":"https:\/\/blogs.abo.fi\/phagman\/wp-json\/wp\/v2\/posts"}],"about":[{"href":"https:\/\/blogs.abo.fi\/phagman\/wp-json\/wp\/v2\/types\/post"}],"author":[{"embeddable":true,"href":"https:\/\/blogs.abo.fi\/phagman\/wp-json\/wp\/v2\/users\/71"}],"replies":[{"embeddable":true,"href":"https:\/\/blogs.abo.fi\/phagman\/wp-json\/wp\/v2\/comments?post=57"}],"version-history":[{"count":1,"href":"https:\/\/blogs.abo.fi\/phagman\/wp-json\/wp\/v2\/posts\/57\/revisions"}],"predecessor-version":[{"id":58,"href":"https:\/\/blogs.abo.fi\/phagman\/wp-json\/wp\/v2\/posts\/57\/revisions\/58"}],"wp:attachment":[{"href":"https:\/\/blogs.abo.fi\/phagman\/wp-json\/wp\/v2\/media?parent=57"}],"wp:term":[{"taxonomy":"category","embeddable":true,"href":"https:\/\/blogs.abo.fi\/phagman\/wp-json\/wp\/v2\/categories?post=57"},{"taxonomy":"post_tag","embeddable":true,"href":"https:\/\/blogs.abo.fi\/phagman\/wp-json\/wp\/v2\/tags?post=57"}],"curies":[{"name":"wp","href":"https:\/\/api.w.org\/{rel}","templated":true}]}}