{"id":1184,"date":"2022-03-29T10:50:31","date_gmt":"2022-03-29T07:50:31","guid":{"rendered":"https:\/\/blogs.abo.fi\/socialexclusion\/?p=1184"},"modified":"2024-09-18T15:01:18","modified_gmt":"2024-09-18T12:01:18","slug":"a-colonial-history-of-social-exclusion-of-indigenous-sami-in-finland","status":"publish","type":"post","link":"https:\/\/blogs.abo.fi\/socialexclusion\/2022\/03\/29\/a-colonial-history-of-social-exclusion-of-indigenous-sami-in-finland\/","title":{"rendered":"A colonial history of social exclusion of indigenous S\u00e1mi in Finland"},"content":{"rendered":"<h5>Written by Johanna Zilliacus<\/h5>\n<p><a href=\"#_ftn1\" name=\"_ftnref1\"><\/a><\/p>\n<p><img decoding=\"async\" src=\"https:\/\/images.pexels.com\/photos\/10535448\/pexels-photo-10535448.jpeg\" alt=\"Free Herd of Brown Reindeer on Snow Covered Field Stock Photo\" \/><\/p>\n<p>Photo: Alexandr Unikovskiy \/ Pexels.com<\/p>\n<p>&nbsp;<\/p>\n<p>In this blog post, I will explore the social exclusion of S\u00e1mi indigenous people in a Finnish context. This blog will serve as background to a discussion on green coloniality that will follow in a second blog post. I mainly aim to explore the sociocultural and economic borders built between S\u00e1mi and the Finnish government. I will discuss this topic from a perspective of coloniality of power, a theoretical framework initially developed by the Peruvian sociologist <strong>An\u00edbal Quijano<\/strong>, as well as borders and social exclusion. In my second blog post, I aim to tie these concepts together through the concrete case of wind power projects in Finland, exploring how green colonialism contributes to the process of bordering and social exclusion of S\u00e1mi peoples in Finland.<\/p>\n<p>&nbsp;<\/p>\n<h4><strong>Coloniality of power<\/strong><\/h4>\n<p>Coloniality of power as a framework aims to explain how the formal political colonisation system affects power relations in the contemporary world. Although formal colonialism has been abolished in most cases, a Eurocentric worldview still dominates. The colonial power structures have later been codified as, for example, race, ethnicity and nationality, and they maintain the Eurocentric power still today. The coloniality of power can be seen in perception of knowledge and science, among others. The Eurocentric view is considered the \u201crational\u201d and \u201cobjective\u201d one, compared with, for example, indigenous knowledge<a href=\"#_ftn1\" name=\"_ftnref1\">[1]<\/a>.<\/p>\n<p>In Finland, <strong>Suvi Keskinen<\/strong> from the University of Helsinki has studied how coloniality of power exercised by the Finnish state (and before that, the Swedish kingdom, which Finland was part of until 1809) has affected S\u00e1mi peoples throughout history. Race theory was developed by Finns during the 19<sup>th<\/sup> and 20<sup>th<\/sup> centuries with the objective to \u201cprove\u201d the inferiority of the S\u00e1mi race, which included measuring skulls and photographing S\u00e1mi bodies.\u00a0Since then, the existence of a biological race has been proven a misconception<a href=\"#_ftn2\" name=\"_ftnref2\">[2]<\/a>, but stereotypes relating to cultural, social and political race are still alive. Land ownership and land use rights have been gradually removed from the S\u00e1mi communities. For example, municipal and national governments replaced the self-organising S\u00e1mi villages (<em>siidas<\/em>). Assimilation programmes, notably the boarding schools created in the mid-20<sup>th<\/sup> century for promoting Finnish language and culture, are examples of the use of colonial power by the Finnish state<a href=\"#_ftn3\" name=\"_ftnref3\">[3]<\/a>, traumas which are still felt today within the S\u00e1mi communities<a href=\"#_ftn4\" name=\"_ftnref4\">[4]<\/a>.<\/p>\n<p>&nbsp;<\/p>\n<h4><strong>Social, cultural and economic borders<\/strong><\/h4>\n<p>The national borders that divide S\u00e1pmi into parts of the Nordic nation-states are not generally visible, but they play a significant role in the daily lives of S\u00e1mi. A person might have to cross a national border to visit a relative living in the same S\u00e1pmi region, speaking the same language. The creation and shifts in the national borders have negatively impacted S\u00e1mi cultures and livelihoods<a href=\"#_ftn5\" name=\"_ftnref5\">[5]<\/a>. However, these are not the only borders that exist for S\u00e1mi communities. Borders can be seen as complex institutions that are multidimensional and overlapping<a href=\"#_ftn6\" name=\"_ftnref6\">[6]<\/a>. Apart from administrative and geopolitical nation-state borders, sociocultural and economic borders have been built between the Nordic settler states and the indigenous S\u00e1mi groups. These borders appear and are often established to draw lines between the \u201cself\u201d and \u201cothers\u201d<a href=\"#_ftn7\" name=\"_ftnref7\">[7]<\/a>.<\/p>\n<p><a href=\"#_ftnref1\" name=\"_ftn1\"><\/a><\/p>\n<p>As a result of the coloniality of power that has been exercised against the S\u00e1mi in Finland, borders have been established that divide Finland\/Finns as the (settler) colonial power from the \u201cothers\u201d, i.e. S\u00e1pmi\/S\u00e1mi. Socially, S\u00e1mi peoples have been infantilised, leading to Finns of the mainstream culture seeing them as incapable of managing their matters, justifying the assimilation programmes that have historically taken place.\u00a0<span style=\"font-size: 1rem\">Culturally, this is seen in the mocking of S\u00e1mi culture in Finnish media, such as TV shows, as well as through cultural appropriation of e.g. S\u00e1mi traditional clothing <a href=\"#_ftn2\" name=\"_ftnref2\">[8]<\/a> . There are countless accounts of Finns speaking out to undermine the gravity of this ridicule and cultural appropriation<a href=\"#_ftn1\" name=\"_ftnref1\">[9]<\/a>. Economically, limiting access to land and regulation of central S\u00e1mi livelihoods such as reindeer herding and fishing has negatively impacted income opportunities and sustaining livelihoods [10]. I have also personally witnessed t<\/span><span style=\"font-size: 1rem\">he coloniality of power exercised by the Finnish state. I myself grew up in Southern Finland in the 90s surrounded by TV sketch-shows \u2018punching down\u2019 at S\u00e1mi, kids in my school yard wearing fake S\u00e1mi hats, and being taught virtually nothing of S\u00e1mi history and culture in school.<\/span><\/p>\n<p>&nbsp;<\/p>\n<h4><strong>Social exclusion of S\u00e1mi<\/strong><\/h4>\n<p>The bordering processes have led to the social exclusion of S\u00e1mi peoples. Social exclusion as a concept looks at the processes that drive power relations and inequality. Further, it examines the multidimensionality of deprivation and different forms of it. Although there are many definitions and applications of social exclusion, one of its aspects is examining inequalities or exclusion as a result of social relationships, taking into account the power and status of different groups of people. The unequal use of power creates hierarchies of power between social groups<a href=\"#_ftn2\" name=\"_ftnref2\">[12]<\/a>\u00a0 \u2013 in line with the concept of coloniality of power. Social exclusion aims to discover the process in which these power relationships cause inequalities between different groups. The process of social exclusion of the S\u00e1mi has been built during several decades of uneven power relationships between the Finnish state (or the Swedish crown , before the establishment of Finland as a nation state)\u00a0and the S\u00e1mi communities<a href=\"#_ftn3\" name=\"_ftnref3\">[12]<\/a>. The unequal use of power can be explained through the coloniality of power. The Finnish, Eurocentric view on knowledge, science and rationality was considered superior to the infantilised S\u00e1mi peoples.<\/p>\n<p><a href=\"#_ftnref1\" name=\"_ftn1\"><\/a><\/p>\n<p>&nbsp;<\/p>\n<p>See my <a href=\"https:\/\/blogs.abo.fi\/socialexclusion\/2022\/03\/30\/green-coloniality-of-power-over-sami-in-finland\/\">second blog post<\/a> that discusses how the social exclusion of S\u00e1mi communities is affected by green colonialism as part of Finnish climate politics.<\/p>\n<p><a href=\"#_ftnref1\" name=\"_ftn1\"><\/a><\/p>\n<p>&nbsp;<\/p>\n<p>&nbsp;<\/p>\n<p>&#8212;&#8212;&#8212;&#8212;&#8212;&#8212;&#8212;&#8212;&#8212;&#8212;&#8212;&#8212;&#8212;&#8212;&#8212;&#8212;&#8212;&#8212;&#8212;&#8212;&#8212;&#8212;&#8212;&#8212;&#8212;&#8212;&#8212;&#8212;&#8212;&#8212;&#8212;&#8211;<\/p>\n<p><a href=\"#_ftnref1\" name=\"_ftn1\">[1]<\/a> Quijano, A. (2007). COLONIALITY AND MODERNITY\/RATIONALITY. <em>Cultural studies (London, England)<\/em>, 21(2-3), 168-178. <a href=\"https:\/\/doi.org\/10.1080\/09502380601164353\">https:\/\/doi.org\/10.1080\/09502380601164353<\/a>; Quijano, A. (2000). Coloniality of Power and Eurocentrism in Latin America. <em>International sociology<\/em>, 15(2), 215-232. <a href=\"https:\/\/doi.org\/10.1177\/0268580900015002005\">https:\/\/doi.org\/10.1177\/0268580900015002005<\/a><\/p>\n<p><a href=\"#_ftnref2\" name=\"_ftn2\">[2]<\/a> Chou, V. (2017). How Science and Genetics are Reshaping the Race Debate of the 21st Century. Blog on website of Harvard University, The Graduate School of Arts and Sciences. Available at: <a href=\"https:\/\/sitn.hms.harvard.edu\/flash\/2017\/science-genetics-reshaping-race-debate-21st-century\/\">https:\/\/sitn.hms.harvard.edu\/flash\/2017\/science-genetics-reshaping-race-debate-21st-century\/<\/a><\/p>\n<p><a href=\"#_ftnref3\" name=\"_ftn3\">[3]<\/a> Keskinen (2019)<\/p>\n<p><a href=\"#_ftnref4\" name=\"_ftn4\">[4]<\/a> West, S. (2021). <em>Eatnameamet: Our Silent Struggle<\/em>. Documentary film<\/p>\n<p><a href=\"#_ftnref5\" name=\"_ftn5\">[5]<\/a> Keskinen (2019)<\/p>\n<p><a href=\"#_ftnref6\" name=\"_ftn6\">[6]<\/a> Haselsberger, B. (2014). Decoding borders. Appreciating border impacts on space and people. <em>Planning theory &amp; practice,<\/em> 15(4), 505-526. <a href=\"https:\/\/doi.org\/10.1080\/14649357.2014.963652\">https:\/\/doi.org\/10.1080\/14649357.2014.963652<\/a><\/p>\n<p><a href=\"#_ftnref7\" name=\"_ftn7\">[7]<\/a> Newman, D. (2003). On borders and power: A theoretical framework. <em>Journal of borderlands studies<\/em>, 18(1), 13-25. <a href=\"https:\/\/doi.org\/10.1080\/08865655.2003.9695598\">https:\/\/doi.org\/10.1080\/08865655.2003.9695598<\/a><\/p>\n<p><a href=\"#_ftnref2\" name=\"_ftn2\">[8]<\/a> Ranta, K. &amp; Kanninen, J. (2019). <em>Vastatuuleen: Saamen kansan pakkosuomalaistamisesta<\/em>. Kustantamo S&amp;S; West (2021)<\/p>\n<p><a href=\"#_ftnref1\" name=\"_ftn1\">[9]<\/a> See e.g. N\u00e4kk\u00e4l\u00e4j\u00e4rvi, P. (2016). N\u00e4k\u00f6kulma: N\u00e4rk\u00e4styneet saamelaiset otsikoissa. <em>Yle\/ Finnish Broadcasting Company<\/em>. Available at: <a href=\"https:\/\/yle.fi\/sapmi\/3-8877876?fbclid=IwAR0X_XRQTDKBnT-ZPhWVZsA7GXeFrerYbGLDVu1H_SqQL6SEdel55ziK1Ok\">https:\/\/yle.fi\/sapmi\/3-8877876?fbclid=IwAR0X_XRQTDKBnT-ZPhWVZsA7GXeFrerYbGLDVu1H_SqQL6SEdel55ziK1Ok<\/a><\/p>\n<p><a href=\"#_ftnref2\" name=\"_ftn2\">[10]<\/a> Ranta, K. &amp; Kanninen, J. (2019). <em>Vastatuuleen: Saamen kansan pakkosuomalaistamisesta<\/em>. Kustantamo S&amp;S; West (2021)<\/p>\n<p><a href=\"#_ftnref2\" name=\"_ftn2\">[11]<\/a> Mathieson et al (2008). Social Exclusion: Meaning, measurement and experience and links to health inequalities. A review of literature. WHO Social Exclusion Knowledge Network Background Paper 1. Available at: <a href=\"https:\/\/www.who.int\/social_determinants\/media\/sekn_meaning_measurement_experience_2008.pdf.pdf\">https:\/\/www.who.int\/social_determinants\/media\/sekn_meaning_measurement_experience_2008.pdf.pdf<\/a><\/p>\n<p><a href=\"#_ftnref3\" name=\"_ftn3\">[12]<\/a> Keskinen (2019)<\/p>\n","protected":false},"excerpt":{"rendered":"<p>Written by Johanna Zilliacus Photo: Alexandr Unikovskiy \/ Pexels.com &nbsp; In this blog post, I will explore the social exclusion of S\u00e1mi indigenous people in a Finnish context. This blog will serve as background to a discussion on green coloniality that will follow in a second blog post. I mainly aim to explore the sociocultural &hellip; <\/p>\n<p class=\"link-more\"><a href=\"https:\/\/blogs.abo.fi\/socialexclusion\/2022\/03\/29\/a-colonial-history-of-social-exclusion-of-indigenous-sami-in-finland\/\" class=\"more-link\">Continue reading<span class=\"screen-reader-text\"> &#8220;A colonial history of social exclusion of indigenous S\u00e1mi in Finland&#8221;<\/span><\/a><\/p>\n","protected":false},"author":724,"featured_media":0,"comment_status":"closed","ping_status":"open","sticky":false,"template":"","format":"standard","meta":{"footnotes":""},"categories":[12,14],"tags":[],"class_list":["post-1184","post","type-post","status-publish","format-standard","hentry","category-geosoex22","category-student-blogs"],"_links":{"self":[{"href":"https:\/\/blogs.abo.fi\/socialexclusion\/wp-json\/wp\/v2\/posts\/1184","targetHints":{"allow":["GET"]}}],"collection":[{"href":"https:\/\/blogs.abo.fi\/socialexclusion\/wp-json\/wp\/v2\/posts"}],"about":[{"href":"https:\/\/blogs.abo.fi\/socialexclusion\/wp-json\/wp\/v2\/types\/post"}],"author":[{"embeddable":true,"href":"https:\/\/blogs.abo.fi\/socialexclusion\/wp-json\/wp\/v2\/users\/724"}],"replies":[{"embeddable":true,"href":"https:\/\/blogs.abo.fi\/socialexclusion\/wp-json\/wp\/v2\/comments?post=1184"}],"version-history":[{"count":9,"href":"https:\/\/blogs.abo.fi\/socialexclusion\/wp-json\/wp\/v2\/posts\/1184\/revisions"}],"predecessor-version":[{"id":1202,"href":"https:\/\/blogs.abo.fi\/socialexclusion\/wp-json\/wp\/v2\/posts\/1184\/revisions\/1202"}],"wp:attachment":[{"href":"https:\/\/blogs.abo.fi\/socialexclusion\/wp-json\/wp\/v2\/media?parent=1184"}],"wp:term":[{"taxonomy":"category","embeddable":true,"href":"https:\/\/blogs.abo.fi\/socialexclusion\/wp-json\/wp\/v2\/categories?post=1184"},{"taxonomy":"post_tag","embeddable":true,"href":"https:\/\/blogs.abo.fi\/socialexclusion\/wp-json\/wp\/v2\/tags?post=1184"}],"curies":[{"name":"wp","href":"https:\/\/api.w.org\/{rel}","templated":true}]}}