{"id":34,"date":"2021-02-22T10:08:26","date_gmt":"2021-02-22T08:08:26","guid":{"rendered":"https:\/\/blogs.abo.fi\/systematiskteologi\/?p=34"},"modified":"2021-02-22T10:15:51","modified_gmt":"2021-02-22T08:15:51","slug":"februariseminariet-2021","status":"publish","type":"post","link":"https:\/\/blogs.abo.fi\/systematiskteologi\/2021\/02\/22\/februariseminariet-2021\/","title":{"rendered":"Februariseminariet 2021"},"content":{"rendered":"<p><strong><span style=\"color: #800000\">Av Bj\u00f6rn Vikstr\u00f6m, professor i systematisk teologi<\/span><\/strong><\/p>\n<p class=\"x_MsoNormal\"><span lang=\"SV\">Februari m\u00e5nads forskarseminarier i systematisk teologi var uppdelade p\u00e5 tv\u00e5 dagar, med tre sessioner p\u00e5 torsdagen och tv\u00e5 p\u00e5 fredagen (18-19.2.). Vi inledde med att behandla <a href=\"https:\/\/research.abo.fi\/sv\/persons\/kalle-oskari-juurikkala\">Oskari Juurikkalas<\/a> artikel om kontemplationens roll och funktion i fundamentalteologin. Som uppskattad expertkommentator fungerade Ulf Jonsson, professor i religionsfilosofi vid Newman-institutet i Uppsala \u2013 Ulf har bland annat skrivit en av de nyaste presentationerna av fundamentalteologi p\u00e5 svenska <i>Med tanke p\u00e5 tron <\/i>(2018). (Fundamentalteologi handlar om hur vi \u00f6verhuvudtaget kan tala om Gud och veta n\u00e5got om Gud.)<\/span><\/p>\n<p class=\"x_MsoNormal\"><span lang=\"SV\">Under torsdagens andra session presenterade <a href=\"https:\/\/research.abo.fi\/sv\/persons\/ilona-silvola\">Ilona Silvola<\/a> ett utkast till den andra artikeln i den kommande artikelavhandlingen. Hennes forskning ber\u00f6r hur migrationsmyndigheterna pr\u00f6var asyls\u00f6kandes religi\u00f6sa konversion, f\u00f6r att utreda om denna \u00e4r grund f\u00f6r beviljande av asyl. Fr\u00e5gor som aktualiseras \u00e4r hur myndigheterna f\u00f6rst\u00e5r religion och huruvida, och i s\u00e5 fall p\u00e5 vilket s\u00e4tt, man kan bed\u00f6ma om en annan persons religi\u00f6sa \u00f6vertygelse \u00e4r \u00e4kta.<\/span><\/p>\n<p class=\"x_MsoNormal\"><span lang=\"SV\">Torsdagen avslutas med diskussioner om Nalle \u00d6hmans prelimin\u00e4ra tankar kring ett eventuellt projekt kring pilgrimsvandring i sk\u00e4rningspunkten mellan religi\u00f6sa och sekul\u00e4ra tolkningar och till\u00e4mpningar. Vi konstaterade bland annat att det inte \u00e4r ett nytt fenomen att kommersiella och lokalpolitiska intressen v\u00e4vs samman med str\u00e4van att locka m\u00e4nniskor till vissa leder. Andra intressant fr\u00e5gor som ventilerades g\u00e4llde kroppslighet, m\u00e4nniskosyn och andlighet, samt det f\u00e5f\u00e4nga i att entydigt f\u00f6rs\u00f6ka definiera vad som \u00e4r en \u201dreligi\u00f6s\u201d erfarenhet under en vandring.<\/span><\/p>\n<p class=\"x_MsoNormal\"><span lang=\"SV\">Fredagsf\u00f6rmiddagen inleddes med <a href=\"https:\/\/research.abo.fi\/sv\/persons\/anssi-ollilainen\">Anssi Ollilainens<\/a> forskningsprojekt kring den v\u00e4stlaestadianska r\u00f6relsen i Finland, som f\u00f6r tillf\u00e4llet inrymmer en sp\u00e4nning mellan en mer kyrklig och kyrkokritisk falang. Fr\u00e5gor d\u00e4r denna splittring blir tydlig g\u00e4ller huruvida icke-pr\u00e4stvigda inom r\u00f6relsen skall kunna f\u00f6rr\u00e4tta dop och leda nattvardsfirandet. Den h\u00e4r problematiken har en aktualitet och relevans i s\u00e5v\u00e4l Finland som Sverige, eftersom det ocks\u00e5 inom vissa andra v\u00e4ckelser\u00f6relser torde f\u00f6rekomma interna diskussioner av liknande art.<\/span><\/p>\n<p class=\"x_MsoNormal\"><span lang=\"SV\">D\u00e4refter diskuterades gr\u00e4ns\u00f6verskridande f\u00f6rfattarskap samt teologisk tolkning av sk\u00f6nlitteratur och annan konst utg\u00e5ende fr\u00e5n en artikel skriven av tidigare professorn <a href=\"https:\/\/research.abo.fi\/en\/persons\/tage-kurten\">Tage Kurt\u00e9n<\/a>, som ocks\u00e5 deltog i seminariet. Mycket av diskussionerna kretsade kring likheter och olikheter mellan akademiskt och sk\u00f6nlitter\u00e4rt skrivande g\u00e4llande feedback, publicering och bem\u00f6tande fr\u00e5n redakt\u00f6rer och f\u00f6rlag. Ett annat sp\u00e5r som initierades av Tage g\u00e4llde vilket etiskt ansvar man har i relation till den f\u00f6rfattare eller de intervjuobjekt, som man behandlar i artiklar och avhandlingar.<\/span><\/p>\n<p class=\"x_MsoNormal\"><span lang=\"SV\">Deltagandet var igen en g\u00e5ng gl\u00e4djande stort, mellan 13 och 17 deltagare var p\u00e5 plats \u00e5t g\u00e5ngen, och samtidigt deltog \u00f6ver 20 personer i n\u00e5gon av sessionerna. Den breda erfarenhet och de skiftande infallsvinklar som deltagarna bidrar med \u00e4r stimulerande f\u00f6r b\u00e5de yngre och \u00e4ldre forskare. Vi beh\u00f6ver forts\u00e4tta att gener\u00f6st st\u00f6da varandra, men ocks\u00e5 utmana varandra att t\u00e4nka djupare och formulera oss skarpare.<\/span><\/p>\n","protected":false},"excerpt":{"rendered":"<p>Av Bj\u00f6rn Vikstr\u00f6m, professor i systematisk teologi Februari m\u00e5nads forskarseminarier i systematisk teologi var uppdelade p\u00e5 tv\u00e5 dagar, med tre sessioner p\u00e5 torsdagen och tv\u00e5 p\u00e5 fredagen (18-19.2.). Vi inledde med att behandla Oskari Juurikkalas artikel om kontemplationens roll och funktion i fundamentalteologin. Som uppskattad expertkommentator fungerade Ulf Jonsson, professor i religionsfilosofi vid Newman-institutet i [&hellip;]<\/p>\n","protected":false},"author":694,"featured_media":0,"comment_status":"open","ping_status":"open","sticky":false,"template":"","format":"standard","meta":{"footnotes":""},"categories":[6,5],"tags":[],"class_list":["post-34","post","type-post","status-publish","format-standard","hentry","category-seminarier","category-systematisk-teologi"],"_links":{"self":[{"href":"https:\/\/blogs.abo.fi\/systematiskteologi\/wp-json\/wp\/v2\/posts\/34","targetHints":{"allow":["GET"]}}],"collection":[{"href":"https:\/\/blogs.abo.fi\/systematiskteologi\/wp-json\/wp\/v2\/posts"}],"about":[{"href":"https:\/\/blogs.abo.fi\/systematiskteologi\/wp-json\/wp\/v2\/types\/post"}],"author":[{"embeddable":true,"href":"https:\/\/blogs.abo.fi\/systematiskteologi\/wp-json\/wp\/v2\/users\/694"}],"replies":[{"embeddable":true,"href":"https:\/\/blogs.abo.fi\/systematiskteologi\/wp-json\/wp\/v2\/comments?post=34"}],"version-history":[{"count":3,"href":"https:\/\/blogs.abo.fi\/systematiskteologi\/wp-json\/wp\/v2\/posts\/34\/revisions"}],"predecessor-version":[{"id":37,"href":"https:\/\/blogs.abo.fi\/systematiskteologi\/wp-json\/wp\/v2\/posts\/34\/revisions\/37"}],"wp:attachment":[{"href":"https:\/\/blogs.abo.fi\/systematiskteologi\/wp-json\/wp\/v2\/media?parent=34"}],"wp:term":[{"taxonomy":"category","embeddable":true,"href":"https:\/\/blogs.abo.fi\/systematiskteologi\/wp-json\/wp\/v2\/categories?post=34"},{"taxonomy":"post_tag","embeddable":true,"href":"https:\/\/blogs.abo.fi\/systematiskteologi\/wp-json\/wp\/v2\/tags?post=34"}],"curies":[{"name":"wp","href":"https:\/\/api.w.org\/{rel}","templated":true}]}}