{"id":28,"date":"2012-02-10T14:02:21","date_gmt":"2012-02-10T12:02:21","guid":{"rendered":"http:\/\/blogs.abo.fi\/visuellastudier\/?p=28"},"modified":"2014-03-29T14:12:14","modified_gmt":"2014-03-29T12:12:14","slug":"och-fred-sager-hej-ocksa","status":"publish","type":"post","link":"https:\/\/blogs.abo.fi\/visuellastudier\/2012\/02\/10\/och-fred-sager-hej-ocksa\/","title":{"rendered":"Och Fred s\u00e4ger hej ocks\u00e5!"},"content":{"rendered":"<div id=\"attachment_15\" style=\"width: 166px\" class=\"wp-caption alignleft\"><a href=\"http:\/\/blogs.abo.fi\/visuellastudier\/files\/forf.jpg\"><img loading=\"lazy\" decoding=\"async\" aria-describedby=\"caption-attachment-15\" class=\"size-full wp-image-15\" alt=\"\" src=\"http:\/\/blogs.abo.fi\/visuellastudier\/files\/forf.jpg\" width=\"156\" height=\"220\" \/><\/a><p id=\"caption-attachment-15\" class=\"wp-caption-text\">(foto Leopoldo Iorizzo)<\/p><\/div>\n<p>Jag heter Fred Andersson och sitter just nu i ett kontorsrum p\u00e5 andra v\u00e5ningen i huset Arken p\u00e5 \u00c5bo Akademi. Rummet delar jag med Ossian Lindberg, prof. em. i konstvetenskap. Precis som jag har Ossian bott i Lund, och det har ocks\u00e5 nuvarande professorn i konsthistoria och visuella studier &#8211; Lars Berggren, eller Lasse som de flesta kallar honom. Som Jenny skrev ig\u00e5r b\u00f6rjade Visuella studier h\u00e4r i \u00c5bo n\u00e4r hon och Lasse pratade ihop sig om id\u00e9n och planerade kurserna. Programmet presenterades i <a href=\"http:\/\/web.abo.fi\/meddelanden\/studier_o_undervisning\/2008_05_visuella_studier.sht\" target=\"_blank\">mars 2008,<\/a> och sen i september kom jag. Sedan dess har jag varit koordinator f\u00f6r programmet, men ocks\u00e5 gjort det mesta av undervisningen.<\/p>\n<p>Min s\u00e4rskilda \u00f6gonsten \u00e4r kursen &#8221;Semiotik, Ikonografi och Symbolanalys&#8221; (eller kort och gott SIS) f\u00f6r semiotik \u00e4r n\u00e5got jag har f\u00f6respr\u00e5kat envist i snart 20 \u00e5r. Kursen SIS g\u00e5r just nu och jag har nu en grupp med ett tiotal engagerade studenter som kommer hit f\u00f6r lektioner och workshops varje m\u00e5ndag. Ett av dom bloggteman som jag och Jenny har pratat om \u00e4r &#8221;Veckans ord&#8221; och jag kan garantera att Semiotik blir mitt bidrag! Lasse \u00e4r en av dom i Norden idag som \u00e4r mest l\u00e4mpade att skriva om ordet Ikonografi. Och vi har flera andra l\u00e4rare engagerade ocks\u00e5 &#8211; Antony Fredriksson (filosof), Maria Lass\u00e9n (litteraturvetare), Tarja Peromaa (hj\u00e4rnforskare) och Sofia Sj\u00f6\u00f6 (religionsvetare). Dom kommer s\u00e4kert ocks\u00e5 att hinna blogga d\u00e5 och d\u00e5 och presentera sig sj\u00e4lva. Vi hoppas ocks\u00e5 p\u00e5 kommande g\u00e4stf\u00f6rel\u00e4sare fr\u00e5n Sverige och fr\u00e5n \u00e4mnet matematik.<\/p>\n<p>Jag har skrivit en bok om konstn\u00e4ren Elis Eriksson, och den hittar du <a href=\"http:\/\/www.adlibris.com\/se\/product.aspx?isbn=9185767069\" target=\"_blank\">h\u00e4r<\/a>. En av mina f\u00f6rel\u00e4sningar om Elis \u00e4r upplagd p\u00e5 YouTube <a href=\"http:\/\/www.youtube.com\/watch?v=YqggkOFniwQ&amp;feature=plcp\" target=\"_blank\">h\u00e4r<\/a>. Jag ocks\u00e5 ocks\u00e5 medarbetat i en hel del samlingsverk och antologier. N\u00e5gra av dom hittar du <a href=\"http:\/\/www.bokus.com\/cgi-bin\/product_search.cgi?authors=Fred%20Andersson\" target=\"_blank\">h\u00e4r<\/a>. En del erfarenhet som bloggare har jag ocks\u00e5, \u00e4ven om jag inte har varit lika flitig eller regelbunden p\u00e5 det omr\u00e5det som Jenny. Min nuvarande forskning handlar om konstkritikens utveckling i svenskspr\u00e5kig press i s\u00e5v\u00e4l Sverige som Finland.<\/p>\n<p>H\u00e4r p\u00e5 bloggen t\u00e4nker jag skriva om alla id\u00e9er och iakttagelser kring syn och bilder som ramlar \u00f6ver mig varje dag n\u00e4r jag egentligen ska g\u00f6ra annat &#8211; och f\u00f6rst\u00e5s om v\u00e5rt \u00e4mne ocks\u00e5! Imorgon har Jenny lovat att blogga. Hej!<\/p>\n<p>L\u00e4nkning till <a href=\"http:\/\/intressant.se\/intressant\" target=\"_blank\">intressant.se<\/a><\/p>\n","protected":false},"excerpt":{"rendered":"<p>Jag heter Fred Andersson och sitter just nu i ett kontorsrum p\u00e5 andra v\u00e5ningen i huset Arken p\u00e5 \u00c5bo Akademi. Rummet delar jag med Ossian Lindberg, prof. em. i konstvetenskap. Precis som jag har Ossian bott i Lund, och det har ocks\u00e5 nuvarande professorn i konsthistoria och visuella studier &#8211; Lars Berggren, eller Lasse som [&hellip;]<\/p>\n","protected":false},"author":159,"featured_media":0,"comment_status":"closed","ping_status":"closed","sticky":false,"template":"","format":"standard","meta":{"footnotes":""},"categories":[11],"tags":[9,7,6,638,8,10],"class_list":["post-28","post","type-post","status-publish","format-standard","hentry","category-fred","tag-arbetarkonst","tag-forskning","tag-lund","tag-sverige","tag-undervisning","tag-visuella-studier"],"_links":{"self":[{"href":"https:\/\/blogs.abo.fi\/visuellastudier\/wp-json\/wp\/v2\/posts\/28","targetHints":{"allow":["GET"]}}],"collection":[{"href":"https:\/\/blogs.abo.fi\/visuellastudier\/wp-json\/wp\/v2\/posts"}],"about":[{"href":"https:\/\/blogs.abo.fi\/visuellastudier\/wp-json\/wp\/v2\/types\/post"}],"author":[{"embeddable":true,"href":"https:\/\/blogs.abo.fi\/visuellastudier\/wp-json\/wp\/v2\/users\/159"}],"replies":[{"embeddable":true,"href":"https:\/\/blogs.abo.fi\/visuellastudier\/wp-json\/wp\/v2\/comments?post=28"}],"version-history":[{"count":13,"href":"https:\/\/blogs.abo.fi\/visuellastudier\/wp-json\/wp\/v2\/posts\/28\/revisions"}],"predecessor-version":[{"id":1236,"href":"https:\/\/blogs.abo.fi\/visuellastudier\/wp-json\/wp\/v2\/posts\/28\/revisions\/1236"}],"wp:attachment":[{"href":"https:\/\/blogs.abo.fi\/visuellastudier\/wp-json\/wp\/v2\/media?parent=28"}],"wp:term":[{"taxonomy":"category","embeddable":true,"href":"https:\/\/blogs.abo.fi\/visuellastudier\/wp-json\/wp\/v2\/categories?post=28"},{"taxonomy":"post_tag","embeddable":true,"href":"https:\/\/blogs.abo.fi\/visuellastudier\/wp-json\/wp\/v2\/tags?post=28"}],"curies":[{"name":"wp","href":"https:\/\/api.w.org\/{rel}","templated":true}]}}